{"id":13489,"date":"1999-12-21T15:58:39","date_gmt":"1999-12-21T15:58:39","guid":{"rendered":"http:\/\/875jahrekirchgoens.de\/?p=13489"},"modified":"2023-11-30T19:22:36","modified_gmt":"2023-11-30T19:22:36","slug":"kirch-goenser-grenzgang-als-auftakt-der-850-jahrfeier","status":"publish","type":"post","link":"http:\/\/875jahrekirchgoens.de\/?p=13489","title":{"rendered":"Kirch-G\u00f6nser Grenzgang als Auftakt der 850-Jahrfeier"},"content":{"rendered":"\n<p>21.12.1999<\/p>\n\n\n\n<p>Mit einem vorweihnachtlichen Grenzgang begann die Veranstaltungsreihe zur Kirch-G\u00f6nser 850-jahr-Feier im n\u00e4chsten Jahr. Eingeladen hatte die Interessengemeinschaft der Kirch-G\u00f6nser Vereine und Verb\u00e4nde.<\/p>\n\n\n\n<p>Bei sch\u00f6nem Wanderwetter trafen sich die Teilnehmer an der Mittelpunktschule. Unter F\u00fchrung von Walter M\u00fcller ging der Grenzgang von der Schule zum Hundeplatz und dann entlang der Ayers-Kaserne bis hin zum Ochsensprung. \u00dcber das Sch\u00e4rfeld f\u00fchrte die Wanderung entlang der B3 bis zum Gemarkungsteil Am Wei\u00dfen Stein. Von dort aus wanderten die Teilnehmer den Limes entlang, auf dem sogenannten Grenzweg. Vom Limes aus ging es \u00fcber den Gemarkungsteil Hinter den Weing\u00e4rten in das Wohngebiet Stautzert und von da aus zum Sch\u00fctzenhaus am Bahnhof. Dort fand der Grenzgang seinen Abschluss mit einem deftigen Erbseneintopfessen.<\/p>\n\n\n\n<p>Das Bild zeigt die Wandergruppe vor dem Abmarsch.<\/p>\n\n\n\n<p class=\"has-small-font-size\">Quelle und Bild: Butzbacher Zeitung vom 21.12.1999<\/p>\n\n\n\n<figure class=\"wp-block-image size-large\"><img loading=\"lazy\" decoding=\"async\" width=\"1024\" height=\"729\" src=\"http:\/\/875jahrekirchgoens.de\/wp-content\/uploads\/2023\/08\/1999-12-21.12.1999-Kirch-Goenser-Grenzgang-1024x729.jpg\" alt=\"\" class=\"wp-image-13490\" srcset=\"http:\/\/875jahrekirchgoens.de\/wp-content\/uploads\/2023\/08\/1999-12-21.12.1999-Kirch-Goenser-Grenzgang-1024x729.jpg 1024w, http:\/\/875jahrekirchgoens.de\/wp-content\/uploads\/2023\/08\/1999-12-21.12.1999-Kirch-Goenser-Grenzgang-300x214.jpg 300w, http:\/\/875jahrekirchgoens.de\/wp-content\/uploads\/2023\/08\/1999-12-21.12.1999-Kirch-Goenser-Grenzgang-768x547.jpg 768w, http:\/\/875jahrekirchgoens.de\/wp-content\/uploads\/2023\/08\/1999-12-21.12.1999-Kirch-Goenser-Grenzgang.jpg 1298w\" sizes=\"auto, (max-width: 1024px) 100vw, 1024px\" \/><\/figure>\n","protected":false},"excerpt":{"rendered":"<p>21.12.1999 Mit einem vorweihnachtlichen Grenzgang begann die Veranstaltungsreihe zur Kirch-G\u00f6nser 850-jahr-Feier im n\u00e4chsten Jahr. Eingeladen hatte die Interessengemeinschaft der Kirch-G\u00f6nser Vereine und Verb\u00e4nde. Bei sch\u00f6nem Wanderwetter trafen sich die Teilnehmer an der Mittelpunktschule. Unter F\u00fchrung von Walter M\u00fcller ging der Grenzgang von der Schule zum Hundeplatz und dann entlang der Ayers-Kaserne bis hin zum Ochsensprung. &#8230; <a title=\"Kirch-G\u00f6nser Grenzgang als Auftakt der 850-Jahrfeier\" class=\"read-more\" href=\"http:\/\/875jahrekirchgoens.de\/?p=13489\" aria-label=\"Mehr Informationen \u00fcber Kirch-G\u00f6nser Grenzgang als Auftakt der 850-Jahrfeier\">Weiterlesen<\/a><\/p>\n","protected":false},"author":1,"featured_media":0,"comment_status":"open","ping_status":"open","sticky":false,"template":"","format":"standard","meta":{"footnotes":""},"categories":[241],"tags":[],"class_list":["post-13489","post","type-post","status-publish","format-standard","hentry","category-anno-dazumal"],"_links":{"self":[{"href":"http:\/\/875jahrekirchgoens.de\/index.php?rest_route=\/wp\/v2\/posts\/13489","targetHints":{"allow":["GET"]}}],"collection":[{"href":"http:\/\/875jahrekirchgoens.de\/index.php?rest_route=\/wp\/v2\/posts"}],"about":[{"href":"http:\/\/875jahrekirchgoens.de\/index.php?rest_route=\/wp\/v2\/types\/post"}],"author":[{"embeddable":true,"href":"http:\/\/875jahrekirchgoens.de\/index.php?rest_route=\/wp\/v2\/users\/1"}],"replies":[{"embeddable":true,"href":"http:\/\/875jahrekirchgoens.de\/index.php?rest_route=%2Fwp%2Fv2%2Fcomments&post=13489"}],"version-history":[{"count":2,"href":"http:\/\/875jahrekirchgoens.de\/index.php?rest_route=\/wp\/v2\/posts\/13489\/revisions"}],"predecessor-version":[{"id":13493,"href":"http:\/\/875jahrekirchgoens.de\/index.php?rest_route=\/wp\/v2\/posts\/13489\/revisions\/13493"}],"wp:attachment":[{"href":"http:\/\/875jahrekirchgoens.de\/index.php?rest_route=%2Fwp%2Fv2%2Fmedia&parent=13489"}],"wp:term":[{"taxonomy":"category","embeddable":true,"href":"http:\/\/875jahrekirchgoens.de\/index.php?rest_route=%2Fwp%2Fv2%2Fcategories&post=13489"},{"taxonomy":"post_tag","embeddable":true,"href":"http:\/\/875jahrekirchgoens.de\/index.php?rest_route=%2Fwp%2Fv2%2Ftags&post=13489"}],"curies":[{"name":"wp","href":"https:\/\/api.w.org\/{rel}","templated":true}]}}