{"id":13494,"date":"2000-04-27T16:03:41","date_gmt":"2000-04-27T16:03:41","guid":{"rendered":"http:\/\/875jahrekirchgoens.de\/?p=13494"},"modified":"2023-11-30T19:21:49","modified_gmt":"2023-11-30T19:21:49","slug":"freiherr-vom-stein-ehrenurkunde-fuer-kirch-goens-zur-850-jahr-feier","status":"publish","type":"post","link":"http:\/\/875jahrekirchgoens.de\/?p=13494","title":{"rendered":"Freiherr-vom-Stein-Ehrenurkunde f\u00fcr Kirch-G\u00f6ns zur 850 Jahr-Feier"},"content":{"rendered":"\n<p>27.04.2000<\/p>\n\n\n\n<p>Vor 850 Jahren im Jahre 1150 wurde Kirch-G\u00f6ns erstmals in einer \u00fcberlieferten Urkunde erw\u00e4hnt. Dieses Ereignis wollen die Kirch-G\u00f6nser in diesem Jahr ausgiebig feiern.<\/p>\n\n\n\n<p>Seit fast zwei Jahren laufen die entsprechenden Vorbereitungen f\u00fcr dieses Jubil\u00e4um. Jetzt wird es ernst, mit der akademischen Feier steht die erste Veranstaltung an. Dabei wird die von der Hessischen Landesregierung verliehene Freiherr-vom-Stein-Ehrenurkunde \u00fcbergeben.<\/p>\n\n\n\n<p>Am kommenden Sonntag, 29. April, findet die akademische Feier in der Kirch-G\u00f6nser Kirche statt. Dazu ist die gesamte Bev\u00f6lkerung eingeladen. Durch das Programm f\u00fchrt Hanspeter Tiedemann vom Vorstand der Interessengemeinschaft der Vereine. Die Feierstunde wird von Kirch-G\u00f6nser B\u00fcrgerinnen und B\u00fcrger sowie Gastrednern gestaltet. Sie beginnt p\u00fcnktlich um 16.00 Uhr mit dem Pr\u00e4sidium von Johann Sebastian Bach.<\/p>\n\n\n\n<p>Danach werden Hanspeter Tiedemann und eine Gruppe des Kirch-G\u00f6nser Kindergartens die Anwesenden begr\u00fc\u00dfen. Der Schirmherr der Kirch-G\u00f6nser 850-Jahr-Feier, B\u00fcrgermeister Oswin Veith, wird ebenso eine kurze Ansprache halten wie Pfarrvikarin Alke Witte. Der Leiter des Butzbacher Museums, Dr. Dieter Wolf, h\u00e4lt den Festvortrag und geht darin auf die Kirch-G\u00f6nser Dorfgeschichte ein. Gerda Eckhard tr\u00e4gt ein Mundartgedicht vor. F\u00fcr die musikalische Umrahmungen sorgen der Musikzug der Freiwilligen Feuerwehr und der Gesangverein 1862. Nach dem Schlusswort des Ortsvorstehers Rolf Schulze wird der Musikzug die Nationalhymne intonieren.<\/p>\n\n\n\n<p>Aufgrund des begrenzten Platzes in der Kirche findet bei jedem Wetter eine Fernseh\u00fcbertragung der Feierstunde in das S\u00e4ngerheim im B\u00fcrgerhaus statt, bei gutem Wetter zus\u00e4tzlich eine Lautsprecher\u00fcbertragung auf den Kirchenvorplatz.<\/p>\n\n\n\n<p>Im Verlauf der akademischen Feier wird die Freiherr-vom-Stein-Ehrenurkunde f\u00fcr Kirch-G\u00f6ns \u00fcbergeben. Die Urkunde wurde dem Dorf von der Hessischen Landesregierung aus Anlass des 850-j\u00e4hrigen Jubil\u00e4ums verliehen. Damit wird die von der Kirch-G\u00f6nser Einwohnerinnen und Einwohner zum Wohl des Gemeinschaftswesens geleistete Arbeit gew\u00fcrdigt.<\/p>\n\n\n\n<p>\u00dcber Jahrhunderte hinweg haben die Kirch-G\u00f6nser ihrer kommunalen Angelegenheit selbst entschieden. Auch wenn Kirch-G\u00f6ns heute in der Stadt Butzbach eingegliedert ist, \u00e4ndert dies nichts an dem fortbestand der lokalen Identit\u00e4t. Und diese soll durch die Verleihung der Ehrenurkund gef\u00f6rdert werden. Die Ehrenurkunde ist benannt nach dem preu\u00dfischen Reformer Karl Reichsfreiherr vom und zum Stein (1757 \u2013 1831).<\/p>\n\n\n\n<p>Nach dem Programm der akademischen Feier in der Kirch-G\u00f6nser Kirche findet noch ein gem\u00fctliches Zusammensein mit oberhessischem B\u00fcffet im B\u00fcrgerhaus statt. Auch hierzu ist die Bev\u00f6lkerung eingeladen.<\/p>\n\n\n\n<p>Quelle: Butzbacher Zeitung vom 27.04.2000<\/p>\n","protected":false},"excerpt":{"rendered":"<p>27.04.2000 Vor 850 Jahren im Jahre 1150 wurde Kirch-G\u00f6ns erstmals in einer \u00fcberlieferten Urkunde erw\u00e4hnt. Dieses Ereignis wollen die Kirch-G\u00f6nser in diesem Jahr ausgiebig feiern. Seit fast zwei Jahren laufen die entsprechenden Vorbereitungen f\u00fcr dieses Jubil\u00e4um. Jetzt wird es ernst, mit der akademischen Feier steht die erste Veranstaltung an. Dabei wird die von der Hessischen &#8230; <a title=\"Freiherr-vom-Stein-Ehrenurkunde f\u00fcr Kirch-G\u00f6ns zur 850 Jahr-Feier\" class=\"read-more\" href=\"http:\/\/875jahrekirchgoens.de\/?p=13494\" aria-label=\"Mehr Informationen \u00fcber Freiherr-vom-Stein-Ehrenurkunde f\u00fcr Kirch-G\u00f6ns zur 850 Jahr-Feier\">Weiterlesen<\/a><\/p>\n","protected":false},"author":1,"featured_media":0,"comment_status":"open","ping_status":"open","sticky":false,"template":"","format":"standard","meta":{"footnotes":""},"categories":[241],"tags":[],"class_list":["post-13494","post","type-post","status-publish","format-standard","hentry","category-anno-dazumal"],"_links":{"self":[{"href":"http:\/\/875jahrekirchgoens.de\/index.php?rest_route=\/wp\/v2\/posts\/13494","targetHints":{"allow":["GET"]}}],"collection":[{"href":"http:\/\/875jahrekirchgoens.de\/index.php?rest_route=\/wp\/v2\/posts"}],"about":[{"href":"http:\/\/875jahrekirchgoens.de\/index.php?rest_route=\/wp\/v2\/types\/post"}],"author":[{"embeddable":true,"href":"http:\/\/875jahrekirchgoens.de\/index.php?rest_route=\/wp\/v2\/users\/1"}],"replies":[{"embeddable":true,"href":"http:\/\/875jahrekirchgoens.de\/index.php?rest_route=%2Fwp%2Fv2%2Fcomments&post=13494"}],"version-history":[{"count":1,"href":"http:\/\/875jahrekirchgoens.de\/index.php?rest_route=\/wp\/v2\/posts\/13494\/revisions"}],"predecessor-version":[{"id":13495,"href":"http:\/\/875jahrekirchgoens.de\/index.php?rest_route=\/wp\/v2\/posts\/13494\/revisions\/13495"}],"wp:attachment":[{"href":"http:\/\/875jahrekirchgoens.de\/index.php?rest_route=%2Fwp%2Fv2%2Fmedia&parent=13494"}],"wp:term":[{"taxonomy":"category","embeddable":true,"href":"http:\/\/875jahrekirchgoens.de\/index.php?rest_route=%2Fwp%2Fv2%2Fcategories&post=13494"},{"taxonomy":"post_tag","embeddable":true,"href":"http:\/\/875jahrekirchgoens.de\/index.php?rest_route=%2Fwp%2Fv2%2Ftags&post=13494"}],"curies":[{"name":"wp","href":"https:\/\/api.w.org\/{rel}","templated":true}]}}