{"id":13496,"date":"2023-08-05T16:15:09","date_gmt":"2023-08-05T16:15:09","guid":{"rendered":"http:\/\/875jahrekirchgoens.de\/?p=13496"},"modified":"2023-08-05T16:15:11","modified_gmt":"2023-08-05T16:15:11","slug":"die-kirch-goenser-feierten-den-850-geburtstag-ihres-dorfes","status":"publish","type":"post","link":"http:\/\/875jahrekirchgoens.de\/?p=13496","title":{"rendered":"Die Kirch-G\u00f6nser feierten den 850. Geburtstag ihres Dorfes"},"content":{"rendered":"\n<p>02.05.2000<\/p>\n\n\n\n<p>Mit einer gelungenen akademischen Feier in der Kirche begannen am Samstag in Kirch-G\u00f6ns die Veranstaltungen aus Anlass des 850-j\u00e4hrigen Jubil\u00e4ums des Dorfes. Die unter Mitwirkung aller Dorfvereine gestaltete Feierstunde war ein Einstieg nach Ma\u00df und hat die schon hohen Erwartungen in die zuk\u00fcnftigen Festivit\u00e4ten noch gesteigert.<\/p>\n\n\n\n<p>Die Kirche war voll besetzt und auch im benachbarten B\u00fcrgerhaus verfolgten zahlreiche Interessierte die Veranstaltung per Video\u00fcbertragung. Zu der Feier waren nicht nur Kirch-G\u00f6nser B\u00fcrgerinnen und B\u00fcrger gekommen. Eine illustre Schar an Ehreng\u00e4sten war an der Einladung nach Kirch-G\u00f6ns gefolgt, darunter der Bundestagsabgeordnete Dr. Christian Schwarz-Schilling, die Landtagsabgeordneten Erika Fellner und Norbert Kartmann, Landrat Rolf Gnadl sowie Schirmherr B\u00fcrgermeister Oswin Veith, Ehrenb\u00fcrgermeister Karl-Heinz Hofmann, der Langg\u00f6nser B\u00fcrgermeister Horst R\u00f6hrig und viele Personen der heimischen Polit- und Gesch\u00e4ftsprominenz.<\/p>\n\n\n\n<p>Mit dem Pr\u00e4ludium von Johann Sebastian Bach, vorgetragen von Gitti Ferriduni an der Orgel, begann die Feierstunde um 16.00 Uhr. Hanspeter Tiedemann von der Interessengemeinschaft der Kirch-G\u00f6nser Vereine, der auch durch das Programm f\u00fchrte, begr\u00fc\u00dfte die Anwesenden, ganz besonders die \u00fcber achtzigj\u00e4hrigen Kirch-G\u00f6nser Einwohner, die als Ehreng\u00e4ste zur Veranstaltung eingeladen worden waren.<\/p>\n\n\n\n<p>Danach begeisterte eine Gesangsgruppe des Kindergartens die Festg\u00e4ste. In H\u00fcttenberger Tracht trugen die Kinder ein Lied in Mundart und Hochdeutsch vor, das \u00fcber die Geschehnisse eines Tages im Dorf berichtete. Zum Abschluss verteilten die Kinder Selbstgebackenes.<\/p>\n\n\n\n<p>In seiner Ansprache ging B\u00fcrgermeister Veith auf eben diese Kinder ein. Sie seien der Kirch-G\u00f6nser Stolz und Reichtum. Die Kinder w\u00fcrden einmal das bewahren, was ihnen hinterlassen werde. Veith \u00fcbermittelte die Gr\u00fc\u00dfe von Magistrat und Stadtverordnetenvorsteher zur urkundlichen Ersterw\u00e4hnung von Kirch-G\u00f6ns. Wenn auch die eigentliche Gr\u00fcndung im Dunkel der Geschichte liege, k\u00f6nne man davon ausgehen, dass mindestens drei\u00dfig Generationen das geschaffen h\u00e4tten, was man heute in Kirch-G\u00f6ns vorfinde. Besonders im Dorfkern begegne man auf Schritt und Tritt der Vergangenheit. Die Stadt Butzbach war und sei bem\u00fcht, diese Aufbauleistung fortzusetzen. Veith verwies in diesem Zusammenhang u. a. auf den vor der Vollendung stehenden Bau der Mehrzweckhalle. Zum Schluss seiner Rede dankte er den Ortsvereinen und allen Helfern f\u00fcr ihr Engagement bei den Festvorbereitungen und \u00fcberreichte Hanspeter Tiedemann einen Scheck \u00fcber 1.000, &#8211; DM.<\/p>\n\n\n\n<p>In einem l\u00e4ngeren Festvortrag beleuchtete der Butzbacher Museumsleiter Dr. Dieter Wolf die Kirch-G\u00f6nser Historie. Er berichtete \u00fcber die Geh\u00f6fte der Jungsteinzeit auf Kirch-G\u00f6nser Gebiet ebenso \u00fcber das Dorf an der Grenze, am r\u00f6mischen Limes. Nachdem die R\u00f6mer unsere Gegend verlassen hatten, r\u00fcckten in der V\u00f6lkerwanderungszeit und dem Fr\u00fchmittelalter germanische Gruppen nach. Der heutige G\u00f6nsbach erhielt damals den Namen Gunissa. Die germanischen Siedler nannten ihre Wohnungspl\u00e4tze Gundissa oder auch Gunnisheim, das ganze Siedlungsgebiet Gunnesheimer, Gunissere oder Gunnosser Mark. So entstand die G\u00f6nser Mark, die \u00fcber Jahrhunderte hinweg eine au\u00dferordentliche Rolle am S\u00fcdrand des Gie\u00dfener Beckens spielte. Der Ortsname Kirch-G\u00f6ns sei mit \u201eder G\u00f6ns-Ort mit der Kirche\u201c zu \u00fcbersetzen. Die Kirche selbst wurde schon vor der ersturkundlichen Erw\u00e4hnung des Orts Kirch-G\u00f6ns gebaut und ist heute noch in ihren wesentlichen Elementen erhalten. Mit einer ausf\u00fchrlichen Beschreibung der Kirch-G\u00f6nser Geschichte hat Dr. Wolf f\u00fcr die in K\u00fcrze erscheinenden Dorf-Chronik ein Kapitel gestaltet.<\/p>\n\n\n\n<p>Der Sch\u00fclerchor der Mittelpunktschule Oberer H\u00fcttenberg erfreute unter Leitung von Gitti Ferriduni mit drei Liedvortr\u00e4gen.<\/p>\n\n\n\n<p>In ihrer Ansprache wies Pfarrvikarin Alke Witte darauf hin, dass die Kirch-G\u00f6nser Kirche \u00fcber Generationen hinweg ein Ort war, der das Leben der Menschen entscheidend bestimmte. Mit der Kirche sei ein Ort gebaut worden, um den christlichen Glauben zu leben. Sie w\u00fcnschte sich, dass das Gemeindeleben in Dorf und Kirche weiterwachsen und gedeihen w\u00fcrde.<\/p>\n\n\n\n<p>Unter seinem Dirigenten Ralf Wittig spielte der Musikzug der Freiwilligen Feuerwehr Kirch-G\u00f6ns das St\u00fcck \u201eIch bete an die Macht der Liebe\u201c.<\/p>\n\n\n\n<p>Mit dem Mundartgedicht \u201emir ausm H\u00fcttenberg\u201c stellte Gerda Eckhard in H\u00fcttenberger Tracht unsere Heimat vor.<\/p>\n\n\n\n<p>Der Kirch-G\u00f6nser Gesangverein von 1862 sang unter Leitung von Ruth Kl\u00f6n das Lied von Heinrich Sch\u00fctz \u201eLobt Gott mit Schall\u201c.<\/p>\n\n\n\n<p>Als H\u00f6hepunkt der Feierstunde \u00fcberreichte Landrat Rolf Gnadl im Auftrag der Landesregierung Kirch-G\u00f6ns die Freiherr-vom-Stein-Ehrenurkunde, nachdem er die Gr\u00fc\u00dfe der Kreisgremien \u00fcberbracht hatte. Mit der Verleihung der Ehrenurkunde wurde von der Landesregierung die von den Kirch-G\u00f6nser Einwohnern seit Jahrhunderten geleistete Arbeit f\u00fcr das Gemeinwohl gew\u00fcrdigt. Die Pflege des historischen Bewusstseins soll damit gef\u00f6rdert werden. Trotz der Gebietsreform und der Integration von Kirch-G\u00f6ns in den Verband der Stadt Butzbach, soll mit der Verleihung der Ehrenurkunde der Fortbestand der lokalen Identit\u00e4t gef\u00f6rdert werden.<\/p>\n\n\n\n<p>Der Langg\u00f6nser B\u00fcrgermeister Horst R\u00f6hrig begl\u00fcckw\u00fcnschte Kirch-G\u00f6ns zu seinem Jubil\u00e4um und \u00fcberreichte Hanspeter Tiedemann einen Scheck. Tiedemann dankte f\u00fcr die noble Geste der Nachbargemeinde.<\/p>\n\n\n\n<p>Mit einer gro\u00dfen \u00dcberraschung wartete Werner Reusch auf, der die Gl\u00fcckw\u00fcnsche der Pohl-G\u00f6nser Vereine zum Jubil\u00e4um \u00fcbermittelte. Als Gastgeschenk \u00fcberbrachte er eine beschriftete Holztafel aus dem Jahre 1881, die sich einst in der Kirch-G\u00f6nser Kirche befand. Seit vielen Jahrzehnten war sie verschwunden. Die Tafel wurde ihm vor einiger Zeit anvertraut mit der Bitte, sie bei einem geb\u00fchrenden Anlass an ihren Ursprungsort zur\u00fcckzuf\u00fchren. Die Holztafel ist noch mit einer Jahrhunderte alten Farbschicht versehen und somit f\u00fcr Historiker sehr wertvoll. Als im Jahre 1881 die Kirche renoviert wurde, hatten mehrere Handwerker dies auf der Tafel zusammen mit anderen Anmerkungen vermerkt. Mit dem Geschenk der Pohl-G\u00f6nser Ortsvereine kehrt ein wichtiges Zeitdokument an seinen urspr\u00fcnglichen Platz zur\u00fcck.<\/p>\n\n\n\n<p>Der offizielle Teil der Feierstunde in der Kirche endete mit einem Schlusswort von Ortsvorsteher Rolf Schulze und dem Musikzug, der mit dem Spielen der Nationalhymne einen w\u00fcrdigen Schlusspunkt setzte.<\/p>\n\n\n\n<p>Anschlie\u00dfend feierten die Kirch-G\u00f6nser zusammen mit ihren G\u00e4sten noch lange im B\u00fcrgerhaus bei einem z\u00fcnftigen oberhessischen B\u00fcffet mit Hausmacher Wurst sowie Handk\u00e4s mit Musik.<\/p>\n\n\n\n<figure class=\"wp-block-gallery has-nested-images columns-default is-cropped wp-block-gallery-1 is-layout-flex wp-block-gallery-is-layout-flex\">\n<figure class=\"wp-block-image size-large\"><img loading=\"lazy\" decoding=\"async\" width=\"1024\" height=\"736\" data-id=\"13498\" src=\"http:\/\/875jahrekirchgoens.de\/wp-content\/uploads\/2023\/08\/2000-05-02.05.2000-Die-Kirch-Goenser-feierten-den-.-Bild-1-1024x736.jpg\" alt=\"\" class=\"wp-image-13498\" srcset=\"http:\/\/875jahrekirchgoens.de\/wp-content\/uploads\/2023\/08\/2000-05-02.05.2000-Die-Kirch-Goenser-feierten-den-.-Bild-1-1024x736.jpg 1024w, http:\/\/875jahrekirchgoens.de\/wp-content\/uploads\/2023\/08\/2000-05-02.05.2000-Die-Kirch-Goenser-feierten-den-.-Bild-1-300x216.jpg 300w, http:\/\/875jahrekirchgoens.de\/wp-content\/uploads\/2023\/08\/2000-05-02.05.2000-Die-Kirch-Goenser-feierten-den-.-Bild-1-768x552.jpg 768w, http:\/\/875jahrekirchgoens.de\/wp-content\/uploads\/2023\/08\/2000-05-02.05.2000-Die-Kirch-Goenser-feierten-den-.-Bild-1.jpg 1296w\" sizes=\"auto, (max-width: 1024px) 100vw, 1024px\" \/><\/figure>\n\n\n\n<figure class=\"wp-block-image size-large\"><img loading=\"lazy\" decoding=\"async\" width=\"1024\" height=\"711\" data-id=\"13497\" src=\"http:\/\/875jahrekirchgoens.de\/wp-content\/uploads\/2023\/08\/2000-05-02.05.2000-Die-Kirch-Goenser-feierten-den-.-Bild-2-1024x711.jpg\" alt=\"\" class=\"wp-image-13497\" srcset=\"http:\/\/875jahrekirchgoens.de\/wp-content\/uploads\/2023\/08\/2000-05-02.05.2000-Die-Kirch-Goenser-feierten-den-.-Bild-2-1024x711.jpg 1024w, http:\/\/875jahrekirchgoens.de\/wp-content\/uploads\/2023\/08\/2000-05-02.05.2000-Die-Kirch-Goenser-feierten-den-.-Bild-2-300x208.jpg 300w, http:\/\/875jahrekirchgoens.de\/wp-content\/uploads\/2023\/08\/2000-05-02.05.2000-Die-Kirch-Goenser-feierten-den-.-Bild-2-768x533.jpg 768w, http:\/\/875jahrekirchgoens.de\/wp-content\/uploads\/2023\/08\/2000-05-02.05.2000-Die-Kirch-Goenser-feierten-den-.-Bild-2.jpg 1312w\" sizes=\"auto, (max-width: 1024px) 100vw, 1024px\" \/><\/figure>\n\n\n\n<figure class=\"wp-block-image size-large\"><img loading=\"lazy\" decoding=\"async\" width=\"1024\" height=\"732\" data-id=\"13499\" src=\"http:\/\/875jahrekirchgoens.de\/wp-content\/uploads\/2023\/08\/2000-05-02.05.2000-Die-Kirch-Goenser-feierten-den-.-Bild-3-1024x732.jpg\" alt=\"\" class=\"wp-image-13499\" srcset=\"http:\/\/875jahrekirchgoens.de\/wp-content\/uploads\/2023\/08\/2000-05-02.05.2000-Die-Kirch-Goenser-feierten-den-.-Bild-3-1024x732.jpg 1024w, http:\/\/875jahrekirchgoens.de\/wp-content\/uploads\/2023\/08\/2000-05-02.05.2000-Die-Kirch-Goenser-feierten-den-.-Bild-3-300x214.jpg 300w, http:\/\/875jahrekirchgoens.de\/wp-content\/uploads\/2023\/08\/2000-05-02.05.2000-Die-Kirch-Goenser-feierten-den-.-Bild-3-768x549.jpg 768w, http:\/\/875jahrekirchgoens.de\/wp-content\/uploads\/2023\/08\/2000-05-02.05.2000-Die-Kirch-Goenser-feierten-den-.-Bild-3.jpg 1286w\" sizes=\"auto, (max-width: 1024px) 100vw, 1024px\" \/><\/figure>\n\n\n\n<figure class=\"wp-block-image size-large\"><img loading=\"lazy\" decoding=\"async\" width=\"1024\" height=\"726\" data-id=\"13500\" src=\"http:\/\/875jahrekirchgoens.de\/wp-content\/uploads\/2023\/08\/2000-05-02.05.2000-Die-Kirch-Goenser-feierten-den-.-Bild-4-1024x726.jpg\" alt=\"\" class=\"wp-image-13500\" srcset=\"http:\/\/875jahrekirchgoens.de\/wp-content\/uploads\/2023\/08\/2000-05-02.05.2000-Die-Kirch-Goenser-feierten-den-.-Bild-4-1024x726.jpg 1024w, http:\/\/875jahrekirchgoens.de\/wp-content\/uploads\/2023\/08\/2000-05-02.05.2000-Die-Kirch-Goenser-feierten-den-.-Bild-4-300x213.jpg 300w, http:\/\/875jahrekirchgoens.de\/wp-content\/uploads\/2023\/08\/2000-05-02.05.2000-Die-Kirch-Goenser-feierten-den-.-Bild-4-768x545.jpg 768w, http:\/\/875jahrekirchgoens.de\/wp-content\/uploads\/2023\/08\/2000-05-02.05.2000-Die-Kirch-Goenser-feierten-den-.-Bild-4.jpg 1303w\" sizes=\"auto, (max-width: 1024px) 100vw, 1024px\" \/><\/figure>\n<\/figure>\n","protected":false},"excerpt":{"rendered":"<p>02.05.2000 Mit einer gelungenen akademischen Feier in der Kirche begannen am Samstag in Kirch-G\u00f6ns die Veranstaltungen aus Anlass des 850-j\u00e4hrigen Jubil\u00e4ums des Dorfes. Die unter Mitwirkung aller Dorfvereine gestaltete Feierstunde war ein Einstieg nach Ma\u00df und hat die schon hohen Erwartungen in die zuk\u00fcnftigen Festivit\u00e4ten noch gesteigert. Die Kirche war voll besetzt und auch im &#8230; <a title=\"Die Kirch-G\u00f6nser feierten den 850. Geburtstag ihres Dorfes\" class=\"read-more\" href=\"http:\/\/875jahrekirchgoens.de\/?p=13496\" aria-label=\"Mehr Informationen \u00fcber Die Kirch-G\u00f6nser feierten den 850. Geburtstag ihres Dorfes\">Weiterlesen<\/a><\/p>\n","protected":false},"author":1,"featured_media":0,"comment_status":"open","ping_status":"open","sticky":false,"template":"","format":"standard","meta":{"footnotes":""},"categories":[241],"tags":[],"class_list":["post-13496","post","type-post","status-publish","format-standard","hentry","category-anno-dazumal"],"_links":{"self":[{"href":"http:\/\/875jahrekirchgoens.de\/index.php?rest_route=\/wp\/v2\/posts\/13496","targetHints":{"allow":["GET"]}}],"collection":[{"href":"http:\/\/875jahrekirchgoens.de\/index.php?rest_route=\/wp\/v2\/posts"}],"about":[{"href":"http:\/\/875jahrekirchgoens.de\/index.php?rest_route=\/wp\/v2\/types\/post"}],"author":[{"embeddable":true,"href":"http:\/\/875jahrekirchgoens.de\/index.php?rest_route=\/wp\/v2\/users\/1"}],"replies":[{"embeddable":true,"href":"http:\/\/875jahrekirchgoens.de\/index.php?rest_route=%2Fwp%2Fv2%2Fcomments&post=13496"}],"version-history":[{"count":1,"href":"http:\/\/875jahrekirchgoens.de\/index.php?rest_route=\/wp\/v2\/posts\/13496\/revisions"}],"predecessor-version":[{"id":13501,"href":"http:\/\/875jahrekirchgoens.de\/index.php?rest_route=\/wp\/v2\/posts\/13496\/revisions\/13501"}],"wp:attachment":[{"href":"http:\/\/875jahrekirchgoens.de\/index.php?rest_route=%2Fwp%2Fv2%2Fmedia&parent=13496"}],"wp:term":[{"taxonomy":"category","embeddable":true,"href":"http:\/\/875jahrekirchgoens.de\/index.php?rest_route=%2Fwp%2Fv2%2Fcategories&post=13496"},{"taxonomy":"post_tag","embeddable":true,"href":"http:\/\/875jahrekirchgoens.de\/index.php?rest_route=%2Fwp%2Fv2%2Ftags&post=13496"}],"curies":[{"name":"wp","href":"https:\/\/api.w.org\/{rel}","templated":true}]}}