{"id":13704,"date":"1993-05-19T14:30:15","date_gmt":"1993-05-19T14:30:15","guid":{"rendered":"http:\/\/875jahrekirchgoens.de\/?p=13704"},"modified":"2023-11-30T19:26:49","modified_gmt":"2023-11-30T19:26:49","slug":"rudi-weber-neuer-ig-vorsitzender","status":"publish","type":"post","link":"http:\/\/875jahrekirchgoens.de\/?p=13704","title":{"rendered":"Rudi Weber neuer IG-Vorsitzender"},"content":{"rendered":"\n<p><em>Nachfolger von Hagen Heinz \/ Ortsvereine bekennen sich zur Mehrzweckhalle<\/em><\/p>\n\n\n\n<p class=\"has-text-align-left\">Auf der von 13 Vereinsvertretern besuchten Jahreshauptversammlung der Interessengemeinschaft der Ortsvereine in der \u201eKegelbahn\u201c gab es an der Spitze der IG einen Wechsel. Da der seitherige 1. Vorsitzende Hagen Heinz (Sch\u00fctzenverein) aus beruflichen Gr\u00fcnden auf eine erneute Kandidatur verzichtete, wurde Rudi Weber (Gesangverein 18962) einstimmig zu seinem Nachfolger gew\u00e4hlt. <\/p>\n\n\n\n<p class=\"has-text-align-left\">Hagen Heinz wurde stellvertretender Vorsitzender, Werner D\u00e4mon (KG \u201eGoldene Neun\u201c) Kassenwart, Helmut R\u00fchl (SPD-Ortsbezirk) Schriftf\u00fchrer und Helmut D\u00f6rr (VHS-Au\u00dfenstelle) Pressewart. Wie Hagen Heinz in seinem Rechenschaftsbericht mitteilte, geh\u00f6ren der IG nach dem Ende der \u201eTipp-Kicker\u201c derzeit 15 Mitgliedsvereine an. Die Anwesenheit von 13 Vereinsvertretern zeigte f\u00fcr ihn das unverminderte Interesse an der Existenz der Interessengemeinschaft. Leider, so Heinz, habe die IG manches gesteckte Ziel nicht erreichen k\u00f6nnen, etwa die Entzerrung von Festen und Feierlichkeiten im Ort. Die IG habe den Willen der Ortsvereine anerkennen m\u00fcssen, auf angestammte Veranstaltung nicht verzichten zu wollen. <\/p>\n\n\n\n<p class=\"has-text-align-left\">Dennoch bat Heinz die Mitgliedsvereine darauf zu achten, dass es nicht zu weiteren \u00dcberschneidungen von Terminen komme. Er ging auf Doppelveranstaltungen am 1. Mai ein, die bei etwas gutem Willen h\u00e4tten vermeidbar sein k\u00f6nnen. In diesem Zusammenhang forderte Heinz die gr\u00f6\u00dferen Ortsvereine auf, ihre Untergruppen und Abteilungen anzuhalten, nicht in Konkurrenz zu bereits belegten Veranstaltungsdaten zu treten. Die Planung f\u00fcr die Faschingsveranstaltung im n\u00e4chsten Jahr liefen bereits, nur h\u00e4nge alles davon ab, ob das B\u00fcrgerhaus \u00fcberhaupt zur Verf\u00fcgung stehe, da es noch in diesem Jahr umgebaut werden solle. Als Ausweichquartier bot Heinz als Vorsitzender des Sch\u00fctzenvereins die Sch\u00fctzenhalle an. Da der Kleintierzuchtverein auf eine Ausrichtung des Maskenballs im n\u00e4chsten Jahr verzichtet hat, w\u00e4re die Freiwillige Feuerwehr als Veranstalter an der Reihe. M\u00f6glicherweise wird es hier noch einen Tausch mit dem f\u00fcr 1995 vorgemerkten Sch\u00fctzenverein kommen, falls das B\u00fcrgerhaus nicht zu nutzen sein wird. <\/p>\n\n\n\n<p class=\"has-text-align-left\">Laut dem schriftlich vorliegenden Bericht der beiden Kassenpr\u00fcferinnen Loni Becker (Landeskirchliche Gemeinschaft) und Christine Will (Musikzug) gab es keine Beanstandungen in der Buchf\u00fchrung von Rechner Werner D\u00e4mon. So konnte dem Kassierer wie dem Vorstand einstimmig Entlastung erteilt werden. Zu neuen Kassenpr\u00fcfern wurden Friedel Werner (Kleintierzuchtverein) und Dieter Meier (Verein f\u00fcr deutsche Sch\u00e4ferhunde) gew\u00e4hlt. Da Hagen Heinz auf eine Wiederwahl als 1. Vorsitzender verzichtete und Schriftf\u00fchrer Roland Kl\u00f6s (CDU-Ortsverband) nicht mehr zur Verf\u00fcgung stand, am es zu der oben genannten Neubesetzung des Vorstandes. Der neue Vorsitzender Rudi Weber dankte nach seiner Wahl seinem Vorg\u00e4nger und auch dem ehemaligen Schriftf\u00fchrer f\u00fcr das gezeigte Engagement. <\/p>\n\n\n\n<p class=\"has-text-align-left\">Anschlie\u00dfend wurde beschlossen, dass die IG ab diesem Jahr im Namen aller Vereine am Volkstrauertag die Kranzniederlegung vornehmen wird. Dadurch erh\u00f6ht sich der j\u00e4hrliche Mitgliedsbeitrag der Vereine um zehn auf drei\u00dfig Mark. Die zehn Mark f\u00fcr 1993 werden vom Kassierer \u00fcber das Abbuchungsverfahren eingezogen. <\/p>\n\n\n\n<p class=\"has-text-align-left\">Breiten Raum nahm danach die Diskussion um die geplante Mehrzweckhalle f\u00fcr Kirch-G\u00f6ns und Pohl-G\u00f6ns ein. Die Mitgliederversammlung der IG stellte sich noch einmal uneingeschr\u00e4nkt hinter das seit 1976 geplante Projekt, das nun endlich in Angriff genommen werden soll. Wie Schriftf\u00fchrer Werner R\u00fchl mitteilte, er wurde zwischenzeitlich Mitglied des Butzbacher Magistrats, stehen f\u00fcnf Millionen Mark im Haushalt f\u00fcr das Projekt zur Verf\u00fcgung. Die Mehrzweckhalle, so R\u00fchl, sei erforderlich aus kulturellen wie aus sportlichen Gr\u00fcnden. Und Vorsitzender Rudi Weber erg\u00e4nzte, es gebe in ganz Hessen kaum einen Ort in der Gr\u00f6\u00dfe von Kirch-\/Pohl-G\u00f6ns, mit seinen 3.000 Einwohnern, der nicht \u00fcber eine entsprechende Halle sich erfreute.<\/p>\n\n\n\n<p class=\"has-text-align-left\">Quelle: Butzbacher Zeitung vom 19. Mai 1993<\/p>\n","protected":false},"excerpt":{"rendered":"<p>Nachfolger von Hagen Heinz \/ Ortsvereine bekennen sich zur Mehrzweckhalle Auf der von 13 Vereinsvertretern besuchten Jahreshauptversammlung der Interessengemeinschaft der Ortsvereine in der \u201eKegelbahn\u201c gab es an der Spitze der IG einen Wechsel. Da der seitherige 1. Vorsitzende Hagen Heinz (Sch\u00fctzenverein) aus beruflichen Gr\u00fcnden auf eine erneute Kandidatur verzichtete, wurde Rudi Weber (Gesangverein 18962) einstimmig &#8230; <a title=\"Rudi Weber neuer IG-Vorsitzender\" class=\"read-more\" href=\"http:\/\/875jahrekirchgoens.de\/?p=13704\" aria-label=\"Mehr Informationen \u00fcber Rudi Weber neuer IG-Vorsitzender\">Weiterlesen<\/a><\/p>\n","protected":false},"author":1,"featured_media":0,"comment_status":"closed","ping_status":"open","sticky":false,"template":"","format":"standard","meta":{"footnotes":""},"categories":[1],"tags":[],"class_list":["post-13704","post","type-post","status-publish","format-standard","hentry","category-infos"],"_links":{"self":[{"href":"http:\/\/875jahrekirchgoens.de\/index.php?rest_route=\/wp\/v2\/posts\/13704","targetHints":{"allow":["GET"]}}],"collection":[{"href":"http:\/\/875jahrekirchgoens.de\/index.php?rest_route=\/wp\/v2\/posts"}],"about":[{"href":"http:\/\/875jahrekirchgoens.de\/index.php?rest_route=\/wp\/v2\/types\/post"}],"author":[{"embeddable":true,"href":"http:\/\/875jahrekirchgoens.de\/index.php?rest_route=\/wp\/v2\/users\/1"}],"replies":[{"embeddable":true,"href":"http:\/\/875jahrekirchgoens.de\/index.php?rest_route=%2Fwp%2Fv2%2Fcomments&post=13704"}],"version-history":[{"count":1,"href":"http:\/\/875jahrekirchgoens.de\/index.php?rest_route=\/wp\/v2\/posts\/13704\/revisions"}],"predecessor-version":[{"id":13705,"href":"http:\/\/875jahrekirchgoens.de\/index.php?rest_route=\/wp\/v2\/posts\/13704\/revisions\/13705"}],"wp:attachment":[{"href":"http:\/\/875jahrekirchgoens.de\/index.php?rest_route=%2Fwp%2Fv2%2Fmedia&parent=13704"}],"wp:term":[{"taxonomy":"category","embeddable":true,"href":"http:\/\/875jahrekirchgoens.de\/index.php?rest_route=%2Fwp%2Fv2%2Fcategories&post=13704"},{"taxonomy":"post_tag","embeddable":true,"href":"http:\/\/875jahrekirchgoens.de\/index.php?rest_route=%2Fwp%2Fv2%2Ftags&post=13704"}],"curies":[{"name":"wp","href":"https:\/\/api.w.org\/{rel}","templated":true}]}}