{"id":13706,"date":"1994-04-09T14:32:29","date_gmt":"1994-04-09T14:32:29","guid":{"rendered":"http:\/\/875jahrekirchgoens.de\/?p=13706"},"modified":"2023-11-30T19:26:29","modified_gmt":"2023-11-30T19:26:29","slug":"ruppel-will-sich-profilieren","status":"publish","type":"post","link":"http:\/\/875jahrekirchgoens.de\/?p=13706","title":{"rendered":"Ruppel will sich profilieren"},"content":{"rendered":"\n<p><em>Auch IG der Verein Kirch-G\u00f6ns \u00fcbt Kritik am FDP-Politiker<\/em><\/p>\n\n\n\n<p>Nach dem CDU-Ortsverband Kirch-G\u00f6ns kritisiert nun auch der Vorstand der Interessengemeinschaft der Kirch-G\u00f6nser Vereine Aussagen des Butzbacher FDP-Parlamentariers Markus Ruppel zur geplanten Mehrzweckhalle Kirch-\/Pohl-G\u00f6ns.<\/p>\n\n\n\n<p>Wie der IG-Vorsitzender Rudi Weber schreibt, zeugen Ruppels Ausf\u00fchrungen gegen den Bau der Mehrzweckhalle nicht unbedingt von gro\u00dfer Sachkenntnis. Der Bau der Mehrzweckhalle sei bereits seit 1976 beschlossene Sache und werde von der Mehrheit der Bev\u00f6lkerung und den politischen Vertretern beider Stadtteile unterst\u00fctzt.<\/p>\n\n\n\n<p>Man voll keine \u201eGro\u00dfsporthalle\u201c, wie Ruppel f\u00e4lschlicherweise ins Feld f\u00fchre, sondern ein Geb\u00e4ude, das von den zahlreichen Ortsvereinen f\u00fcr kulturelle, sportliche und musikalische Zwecke genutzt werden kann.<\/p>\n\n\n\n<p>Weder in Pohl-G\u00f6ns noch in Kirch-G\u00f6ns st\u00fcnden derzeit ausreichende R\u00e4umlichkeiten f\u00fcr gr\u00f6\u00dferer Veranstaltungen zur Verf\u00fcgung. Mit seinen Anti-Argumenten wolle sich Markus Ruppel offenbar nur auf Kosten der Kirch-\/Pohl-G\u00f6nser Bev\u00f6lkerung profilieren.<\/p>\n\n\n\n<p>Es sei deshalb die Frage, erlaubt, so Weber, ob der FDP-Stadtverordnete sich und seiner neuen Partei damit einen Gefallen tue. Der IG-Vorstand sei gerne bereit, mit weiteren Informationen dienlich zu sein, um Ruppel von der Notwendigkeit der Mehrzweckhalle f\u00fcr die beiden G\u00f6nser-Stadtteile zu \u00fcberzeugen. Weber abschlie\u00dfend: \u201eWir wollen nur das, was in anderen D\u00f6rfern vergleichbarer Gr\u00f6\u00dfe zum selbstverst\u00e4ndlichen Standard geh\u00f6rt.\u201c<\/p>\n\n\n\n<p>Quelle: Butzbacher Zeitung vom 9. April 1994<\/p>\n","protected":false},"excerpt":{"rendered":"<p>Auch IG der Verein Kirch-G\u00f6ns \u00fcbt Kritik am FDP-Politiker Nach dem CDU-Ortsverband Kirch-G\u00f6ns kritisiert nun auch der Vorstand der Interessengemeinschaft der Kirch-G\u00f6nser Vereine Aussagen des Butzbacher FDP-Parlamentariers Markus Ruppel zur geplanten Mehrzweckhalle Kirch-\/Pohl-G\u00f6ns. Wie der IG-Vorsitzender Rudi Weber schreibt, zeugen Ruppels Ausf\u00fchrungen gegen den Bau der Mehrzweckhalle nicht unbedingt von gro\u00dfer Sachkenntnis. Der Bau der &#8230; <a title=\"Ruppel will sich profilieren\" class=\"read-more\" href=\"http:\/\/875jahrekirchgoens.de\/?p=13706\" aria-label=\"Mehr Informationen \u00fcber Ruppel will sich profilieren\">Weiterlesen<\/a><\/p>\n","protected":false},"author":1,"featured_media":0,"comment_status":"closed","ping_status":"open","sticky":false,"template":"","format":"standard","meta":{"footnotes":""},"categories":[1],"tags":[],"class_list":["post-13706","post","type-post","status-publish","format-standard","hentry","category-infos"],"_links":{"self":[{"href":"http:\/\/875jahrekirchgoens.de\/index.php?rest_route=\/wp\/v2\/posts\/13706","targetHints":{"allow":["GET"]}}],"collection":[{"href":"http:\/\/875jahrekirchgoens.de\/index.php?rest_route=\/wp\/v2\/posts"}],"about":[{"href":"http:\/\/875jahrekirchgoens.de\/index.php?rest_route=\/wp\/v2\/types\/post"}],"author":[{"embeddable":true,"href":"http:\/\/875jahrekirchgoens.de\/index.php?rest_route=\/wp\/v2\/users\/1"}],"replies":[{"embeddable":true,"href":"http:\/\/875jahrekirchgoens.de\/index.php?rest_route=%2Fwp%2Fv2%2Fcomments&post=13706"}],"version-history":[{"count":1,"href":"http:\/\/875jahrekirchgoens.de\/index.php?rest_route=\/wp\/v2\/posts\/13706\/revisions"}],"predecessor-version":[{"id":13707,"href":"http:\/\/875jahrekirchgoens.de\/index.php?rest_route=\/wp\/v2\/posts\/13706\/revisions\/13707"}],"wp:attachment":[{"href":"http:\/\/875jahrekirchgoens.de\/index.php?rest_route=%2Fwp%2Fv2%2Fmedia&parent=13706"}],"wp:term":[{"taxonomy":"category","embeddable":true,"href":"http:\/\/875jahrekirchgoens.de\/index.php?rest_route=%2Fwp%2Fv2%2Fcategories&post=13706"},{"taxonomy":"post_tag","embeddable":true,"href":"http:\/\/875jahrekirchgoens.de\/index.php?rest_route=%2Fwp%2Fv2%2Ftags&post=13706"}],"curies":[{"name":"wp","href":"https:\/\/api.w.org\/{rel}","templated":true}]}}