{"id":13708,"date":"1994-05-14T14:34:44","date_gmt":"1994-05-14T14:34:44","guid":{"rendered":"http:\/\/875jahrekirchgoens.de\/?p=13708"},"modified":"2023-11-30T19:26:09","modified_gmt":"2023-11-30T19:26:09","slug":"kirch-goenser-info-broschuere-geplant","status":"publish","type":"post","link":"http:\/\/875jahrekirchgoens.de\/?p=13708","title":{"rendered":"Kirch-G\u00f6nser Info-Brosch\u00fcre geplant"},"content":{"rendered":"\n<p><strong><em>Sobald Finanzierung gesichert ist, soll das erste Heft im Sp\u00e4therbst erscheinen<\/em><\/strong><\/p>\n\n\n\n<p>Die Interessengemeinschaft der Kirch-G\u00f6nser Vereine plant die Herausgabe einer Informationsbrosch\u00fcre, die in der sowohl die d\u00f6rflichen Veranstaltungstermine aufgef\u00fchrt als auch die einzelnen Ortsvereine und Gruppen vorgestellt werden sollen.<\/p>\n\n\n\n<p>Beim Zustandekommen des Projekts wird der erste Erscheinungstermin im Sp\u00e4therbst liegen. Dies teilte der Vorstand der IG in der Mietgliederversammlung in der Gastst\u00e4tte \u201eZur Kegelbahn\u201c mit. Wie IG-Vorsitzender Rudi Weber und Schriftf\u00fchrer Helmut R\u00fchl bekannt gaben, h\u00e4ngt die Herausgabe der Informationsbrosch\u00fcre von der Unterst\u00fctzung der heimischen Gesch\u00e4ftswelt ab, der in dem etwa 80seitigen Heft Gelegenheit zur Werbung gegeben werden soll. Der Reinerl\u00f6s nach Abzug der Druckkosten soll f\u00fcr gemeinschaftliche Anschaffungen der Kirch-G\u00f6nser Ortsvereine verwendet werden.<\/p>\n\n\n\n<p>Die Vereinsvertreter wurden gebeten, das Projekt in ihren Vorst\u00e4nden bekannt zu geben und dort zu besprechen. Die Brosch\u00fcre k\u00f6nne nur bei entsprechender Bereitschaft der Vereine, mitzuarbeiten und insbesondere f\u00fcr je zwei bis drei Anzeigenauftr\u00e4ge oder Spenden zu sorgen, herausgegeben werden. Bis zum 15. September, so Weber und R\u00fchl, sollte feststehen, ob das Heft erscheinen kann.<\/p>\n\n\n\n<p>Dem Kassenbericht von Rechner Werner D\u00e4mon war zu entnehmen, dass f\u00fcr die Mitgliedsvereine und -gruppen eine Elektro-Fritteuse angeschafft wurde. Aus den Mitgliedsbeitr\u00e4gen wurde auch der Kranz f\u00fcr die Volkstrauertagsveranstaltung bezahlt. Die Kasse hatten Friedel Werner (Kleintierzuchtverein) und Dieter Meier (Verein f\u00fcr Deutsche Sch\u00e4ferhunde) gepr\u00fcft. Sie bescheinigten eine ordnungsgem\u00e4\u00dfe Buchf\u00fchrung, so dass Rechner und Vorstand einstimmig entlastet werden konnten.<\/p>\n\n\n\n<p>Nach der Fortschreibung des Veranstaltungskalenders f\u00fcr das zweite Halbjahr 1994 stellte SG-Vorsitzender Dieter Z\u00f6rb den Ablauf des Kleinfeld-Handballturniers auf dem Kirch-G\u00f6nser Sportlatz vom 27. bis 29. Mai vor.<\/p>\n\n\n\n<p>Das Ortspokalturnier werde am 27. Mai in leicht ge\u00e4nderter Form ausgetragen. Die Ortsvereine w\u00fcrden in K\u00fcrze die Einladungen erhalten.<\/p>\n\n\n\n<p>Feuerwehr-Vorsitzender Richard Schepp erinnerte an das 15j\u00e4hrige Jubil\u00e4um der Jugendfeuerwehr, das vom 1. bis 3. Juli in der Maschinenhalle von Gerold und Edith Weber gefeiert wird. Das Festwochenende beginnt am Freitag, 1. Juli, mit einem Discoabend. Am Samstag, 2. Juli, wird nachmittags ein \u201eSpiel ohne Grenzen\u201c der Ortsvereine ausgetragen. Um 20.00 Uhr beginnt der \u201eBunte Abend\u201c mit den Ortsvereinen der Tanzgruppe des SVP Fauerbach, der Kapelle Antje und die Dominos sowie Stargast Marilyn. Am Sonntagmorgen, 3. Juli, wird zum Abschluss eine Gro\u00df\u00fcbung der Butzbacher Feuerwehren abgehalten. Danach klingt das Fest der Jugendfeuerwehr mit einem gem\u00fctlichen Beisammensein aus.<\/p>\n\n\n\n<p>In der Versammlung wurde auch noch darauf hingewiesen, dass nach der 800-Jahrfeier von Kirch-G\u00f6ns im Jahre 1950 das 850. Jubil\u00e4um im Jahre 2000 ansteht. Die Interessengemeinschaft, so Vorsitzender Weber bittet deshalb alle Vereinsvorst\u00e4nde zu beraten, ob Bereitschaft besteht, dieses Jubil\u00e4um zu feiern. Das Thema soll in einer der n\u00e4chsten IG-Zusammenk\u00fcnfte eingehender behandelt werden.<\/p>\n\n\n\n<p>Quelle: Butzbacher Zeitung vom 14. Mai 1994<\/p>\n","protected":false},"excerpt":{"rendered":"<p>Sobald Finanzierung gesichert ist, soll das erste Heft im Sp\u00e4therbst erscheinen Die Interessengemeinschaft der Kirch-G\u00f6nser Vereine plant die Herausgabe einer Informationsbrosch\u00fcre, die in der sowohl die d\u00f6rflichen Veranstaltungstermine aufgef\u00fchrt als auch die einzelnen Ortsvereine und Gruppen vorgestellt werden sollen. Beim Zustandekommen des Projekts wird der erste Erscheinungstermin im Sp\u00e4therbst liegen. Dies teilte der Vorstand der &#8230; <a title=\"Kirch-G\u00f6nser Info-Brosch\u00fcre geplant\" class=\"read-more\" href=\"http:\/\/875jahrekirchgoens.de\/?p=13708\" aria-label=\"Mehr Informationen \u00fcber Kirch-G\u00f6nser Info-Brosch\u00fcre geplant\">Weiterlesen<\/a><\/p>\n","protected":false},"author":1,"featured_media":0,"comment_status":"closed","ping_status":"open","sticky":false,"template":"","format":"standard","meta":{"footnotes":""},"categories":[1],"tags":[],"class_list":["post-13708","post","type-post","status-publish","format-standard","hentry","category-infos"],"_links":{"self":[{"href":"http:\/\/875jahrekirchgoens.de\/index.php?rest_route=\/wp\/v2\/posts\/13708","targetHints":{"allow":["GET"]}}],"collection":[{"href":"http:\/\/875jahrekirchgoens.de\/index.php?rest_route=\/wp\/v2\/posts"}],"about":[{"href":"http:\/\/875jahrekirchgoens.de\/index.php?rest_route=\/wp\/v2\/types\/post"}],"author":[{"embeddable":true,"href":"http:\/\/875jahrekirchgoens.de\/index.php?rest_route=\/wp\/v2\/users\/1"}],"replies":[{"embeddable":true,"href":"http:\/\/875jahrekirchgoens.de\/index.php?rest_route=%2Fwp%2Fv2%2Fcomments&post=13708"}],"version-history":[{"count":1,"href":"http:\/\/875jahrekirchgoens.de\/index.php?rest_route=\/wp\/v2\/posts\/13708\/revisions"}],"predecessor-version":[{"id":13709,"href":"http:\/\/875jahrekirchgoens.de\/index.php?rest_route=\/wp\/v2\/posts\/13708\/revisions\/13709"}],"wp:attachment":[{"href":"http:\/\/875jahrekirchgoens.de\/index.php?rest_route=%2Fwp%2Fv2%2Fmedia&parent=13708"}],"wp:term":[{"taxonomy":"category","embeddable":true,"href":"http:\/\/875jahrekirchgoens.de\/index.php?rest_route=%2Fwp%2Fv2%2Fcategories&post=13708"},{"taxonomy":"post_tag","embeddable":true,"href":"http:\/\/875jahrekirchgoens.de\/index.php?rest_route=%2Fwp%2Fv2%2Ftags&post=13708"}],"curies":[{"name":"wp","href":"https:\/\/api.w.org\/{rel}","templated":true}]}}