{"id":13731,"date":"2004-11-18T15:57:53","date_gmt":"2004-11-18T15:57:53","guid":{"rendered":"http:\/\/875jahrekirchgoens.de\/?p=13731"},"modified":"2023-11-30T19:21:11","modified_gmt":"2023-11-30T19:21:11","slug":"gute-entwicklung-in-ayers-kaserne","status":"publish","type":"post","link":"http:\/\/875jahrekirchgoens.de\/?p=13731","title":{"rendered":"Gute Entwicklung in Ayers-Kaserne"},"content":{"rendered":"\n<p><strong><em>J\u00f6rg-Uwe Hahn stattete Unternehmen Bork einen Besuch ab\/Steuerfrage weiter strittig<\/em><\/strong><\/p>\n\n\n\n<p>Gemeinsam mit dem Butzbacher Fraktionsvorsitzenden Martin Holzfu\u00df, dem Butzbacher Vorsitzenden Norbert Gonter und weiteren Parteikollegen statte der FDP-Fraktionschef im Hessischen Landtag, J\u00f6rg-Uwe Hahn, der ehemaligen Ayers-Kaserne einen Besuch ab, um sich \u00fcber die Entwicklung des zum Gewerbeparks umgewandelten Gel\u00e4ndes zu informieren.<\/p>\n\n\n\n<p>Dabei ging es auch um die weiterhin strittige Steuerfrage zwischen den Kommunen Butzbach und Langg\u00f6ns. Mit seinem Besuch wolle Hahn politische Unterst\u00fctzung seitens der Liberalen f\u00fcr das Speditionsunternehmen Bork signalisieren, das mit unternehmerischem Risiko das Gel\u00e4nde erworben habe. Auch wenn er es damals lieber gesehen h\u00e4tte, dass eine Justizvollzugsanstalt dort gebaut worden w\u00e4re, freue er sich jetzt, dass die private Vermarktung beim heimischen Unternehmen in guten H\u00e4nden sei.<\/p>\n\n\n\n<p>Diese private Vermarktung bezeichnete Hahn als \u201eMeilenstein\u201c, denn er habe das Gef\u00fchl, dass sich das Gel\u00e4nde zum Positiven entwickle. Kritik \u00fcbte Hahn am Verhalten der beiden Kommunen Butzbach und Langg\u00f6ns, die sich noch immer um die Verteilung der anfallenden Steuern streiten. F\u00fcr die Kommunen wie f\u00fcr die Landkreise sie die Vermarktung eine gro\u00dfe Chance.<\/p>\n\n\n\n<p>Holzfu\u00df erwiderte, dass sich beide Kommunen in dieser Frage bereits deutlich angen\u00e4hert h\u00e4tten. Es sei aus Butzbacher Sicht verst\u00e4ndlich, dass man sich nicht von der Gemeinde Langg\u00f6ns ausbremsen lassen wolle. Holzfu\u00df wunderte sich \u00fcber eine Aussage des Langg\u00f6nser Beigeordneten Hans-J\u00fcrgen Bachmann, die Verhandlungen zwischen den Kommunen stockten. Holzfu\u00df sei der Meinung, dass sich die Gespr\u00e4che in einer guten Phase bef\u00e4nden.<\/p>\n\n\n\n<p>Wolfgang Bork erl\u00e4uterte, dass die Vermarktung gro\u00dfe Fortschritte mache und viel weiter sei als die Steuerfrage. Der englische Logistikparkentwickler Gazeley wird den sogenannten Magna-Park mit 20.000 Quadratmetern Fl\u00e4che betreiben. Zuerst allerdings m\u00fcsste das Gel\u00e4nde von allen Altlasten befreit werden.<\/p>\n\n\n\n<p>Architekt Udo Piske erkl\u00e4rte dazu, dass bereits 180 Prozent der Arbeiten beendet seien. Bis Jahresende sollen alle kontaminierten Fl\u00e4chen abgetragen sein. Die Kosten der Sanierung werden auf \u00fcber eine Millionen Euro gesch\u00e4tzt. Der Bund trage dabei als eigentlich zust\u00e4ndiger je nach Gebiet bis zu 100 Prozent der Kosten.<\/p>\n\n\n\n<p>Das Gel\u00e4nde soll danach schrittweise vermarktet werden. Man wolle in Ostdeutschland gemachte Fehler nicht wiederholen, wo \u00fcber die Bed\u00fcrfnisse geplant worden sei. Bork erkl\u00e4rte, dass man durch gigantische Erdbewegungen zur Altlastenbereinigung Sicherheit f\u00fcr die Anleger geschaffen habe. Ein weiterer Vertrag mit einem deutschen Dienstleistungskonzern stehe vor dem Abschluss. Mit weiteren Unternehmen stehe man in Kontakt. Bork zeigte sich zufrieden mit der Kooperation zwischen Planern, den beteiligten Firmen und den kommunalen Verwaltungen auf dieser Ebene.<\/p>\n\n\n\n<p>Quelle und Bild: Butzbacher Zeitung vom 18. November 2004<\/p>\n\n\n\n<figure class=\"wp-block-image size-full\"><img loading=\"lazy\" decoding=\"async\" width=\"516\" height=\"382\" src=\"http:\/\/875jahrekirchgoens.de\/wp-content\/uploads\/2023\/11\/Ayers-Bild1.jpg\" alt=\"\" class=\"wp-image-13732\" srcset=\"http:\/\/875jahrekirchgoens.de\/wp-content\/uploads\/2023\/11\/Ayers-Bild1.jpg 516w, http:\/\/875jahrekirchgoens.de\/wp-content\/uploads\/2023\/11\/Ayers-Bild1-300x222.jpg 300w\" sizes=\"auto, (max-width: 516px) 100vw, 516px\" \/><figcaption class=\"wp-element-caption\">Die Vermarktung der ehemaligen Ayers-Kaserne mache gro\u00dfe Fortschritte. Dies erkl\u00e4rte Wolfgang Bork anl\u00e4sslich einer Besichtigung des Gel\u00e4ndes dem FDP-Fraktionsvorsitzenden im Hessischen Landtag, J\u00f6rg-Uwe Hahn.<\/figcaption><\/figure>\n","protected":false},"excerpt":{"rendered":"<p>J\u00f6rg-Uwe Hahn stattete Unternehmen Bork einen Besuch ab\/Steuerfrage weiter strittig Gemeinsam mit dem Butzbacher Fraktionsvorsitzenden Martin Holzfu\u00df, dem Butzbacher Vorsitzenden Norbert Gonter und weiteren Parteikollegen statte der FDP-Fraktionschef im Hessischen Landtag, J\u00f6rg-Uwe Hahn, der ehemaligen Ayers-Kaserne einen Besuch ab, um sich \u00fcber die Entwicklung des zum Gewerbeparks umgewandelten Gel\u00e4ndes zu informieren. Dabei ging es auch &#8230; <a title=\"Gute Entwicklung in Ayers-Kaserne\" class=\"read-more\" href=\"http:\/\/875jahrekirchgoens.de\/?p=13731\" aria-label=\"Mehr Informationen \u00fcber Gute Entwicklung in Ayers-Kaserne\">Weiterlesen<\/a><\/p>\n","protected":false},"author":1,"featured_media":0,"comment_status":"closed","ping_status":"open","sticky":false,"template":"","format":"standard","meta":{"footnotes":""},"categories":[1],"tags":[],"class_list":["post-13731","post","type-post","status-publish","format-standard","hentry","category-infos"],"_links":{"self":[{"href":"http:\/\/875jahrekirchgoens.de\/index.php?rest_route=\/wp\/v2\/posts\/13731","targetHints":{"allow":["GET"]}}],"collection":[{"href":"http:\/\/875jahrekirchgoens.de\/index.php?rest_route=\/wp\/v2\/posts"}],"about":[{"href":"http:\/\/875jahrekirchgoens.de\/index.php?rest_route=\/wp\/v2\/types\/post"}],"author":[{"embeddable":true,"href":"http:\/\/875jahrekirchgoens.de\/index.php?rest_route=\/wp\/v2\/users\/1"}],"replies":[{"embeddable":true,"href":"http:\/\/875jahrekirchgoens.de\/index.php?rest_route=%2Fwp%2Fv2%2Fcomments&post=13731"}],"version-history":[{"count":1,"href":"http:\/\/875jahrekirchgoens.de\/index.php?rest_route=\/wp\/v2\/posts\/13731\/revisions"}],"predecessor-version":[{"id":13733,"href":"http:\/\/875jahrekirchgoens.de\/index.php?rest_route=\/wp\/v2\/posts\/13731\/revisions\/13733"}],"wp:attachment":[{"href":"http:\/\/875jahrekirchgoens.de\/index.php?rest_route=%2Fwp%2Fv2%2Fmedia&parent=13731"}],"wp:term":[{"taxonomy":"category","embeddable":true,"href":"http:\/\/875jahrekirchgoens.de\/index.php?rest_route=%2Fwp%2Fv2%2Fcategories&post=13731"},{"taxonomy":"post_tag","embeddable":true,"href":"http:\/\/875jahrekirchgoens.de\/index.php?rest_route=%2Fwp%2Fv2%2Ftags&post=13731"}],"curies":[{"name":"wp","href":"https:\/\/api.w.org\/{rel}","templated":true}]}}