{"id":13734,"date":"2004-11-09T16:01:32","date_gmt":"2004-11-09T16:01:32","guid":{"rendered":"http:\/\/875jahrekirchgoens.de\/?p=13734"},"modified":"2023-11-30T19:24:31","modified_gmt":"2023-11-30T19:24:31","slug":"neuer-platz-fuer-aeltesten-grabstein","status":"publish","type":"post","link":"http:\/\/875jahrekirchgoens.de\/?p=13734","title":{"rendered":"Neuer Platz f\u00fcr \u00e4ltesten Grabstein"},"content":{"rendered":"\n<p>Einen neuen Platz hat der \u00e4lteste Grabstein auf dem Kirch-G\u00f6ns Friedhof erhalten. Der schwarze Marmorepitaph f\u00fcr die Familie Karl Hanack, \u00e4hnliche Grabsteine sind aus dem Anfang des 20. Jahrhunderts bekannt, wurde nach Absprache mit der Stadtverwaltung und mit Hilfe des Butzbacher Steinmetzbetriebes Bu\u00df und der Kirch-G\u00f6ns Gartenbaufirma Braasch umgesetzt.<\/p>\n\n\n\n<p>Von seinem seitherigen Standort auf einem mittlerweile ger\u00e4umten Gr\u00e4berfeld kam der Grabstein an den \u00f6stlichen Rand des Friedhofes. Dort steht nun das Grabmal in Verl\u00e4ngerung des Weges von der Friedhofshalle zur Wasserentnahmestelle auf einem neuen Platz.<\/p>\n\n\n\n<p>Bei den auf dem Grabmal erw\u00e4hnten Toten, dem Ehepaar Katharina Hanack geb. Schneider (1882 \u2013 1946) und Karl Hanack (1882 \u2013 1963), handelt es sich um die Eltern des letzten Kirch-G\u00f6nser B\u00fcrgermeisters Reinhard Hanack (1906 \u2013 1995), der von 1952 \u2013 1972 amtlich t\u00e4tig war.<\/p>\n\n\n\n<p>Der Name Hanack, der \u00fcbrigens seit Jahrhunderten in Kirch-G\u00f6ns recht h\u00e4ufig vorkam, ist im Dorf mittlerweile am Aussterben. Erster Tr\u00e4ger dieses Namens war ein Bastian Hanack (1618 \u2013 1696), der w\u00e4hrend des 30-j\u00e4hrigen Krieges aus Pohl-G\u00f6ns nach Kirch-G\u00f6ns zog und hier eine Kunigunde heiratete.<\/p>\n\n\n\n<p>Diese Wittfrau stammte aus dem fr\u00e4nkischen Ort Ottendorf bei Schweinfurt. Der Ehe wurden f\u00fcnf Kinder geboren. Bastian Hanack begr\u00fcndete eine gro\u00dfe b\u00e4uerliche Verwandtschaft. Hanacks gab es in Kirch-G\u00f6ns bald wie Sand am Meet. Einer von Bastians Nachfahren, ein Konrad Hanack, zeugte gar 13 Nachkommen, die er der \u00dcberlieferung nach alle gut verheiratete.<\/p>\n\n\n\n<p>Die Kosten f\u00fcr die Umsetzung des Grabmals \u00fcbernahmen ein Kirch-G\u00f6nser B\u00fcrger und der Heimat- und Backhausverein Kirch-G\u00f6ns. Damit wurde der Stadt Butzbach eine gro\u00dfe Eurosumme erspart. Der Heimat- und Backhausverein begr\u00fc\u00dfte die Rettungsaktion f\u00fcr das Grabdenkmal auf dem Friedhof, auf dem sich au\u00dfer dem Kriegerdenkmal keine Hinweise auf Bestattungen aus der Zeit vor dem 2. Weltkrieg mehr finden. Auch der Ortsbeirat zeigte sich mit der neuen Standortwahl einverstanden.<\/p>\n\n\n\n<p>Quelle und Bild: Butzbacher Zeitung vom 9. November 2004<\/p>\n\n\n\n<figure class=\"wp-block-image size-full\"><img loading=\"lazy\" decoding=\"async\" width=\"531\" height=\"531\" src=\"http:\/\/875jahrekirchgoens.de\/wp-content\/uploads\/2023\/11\/Grab-Bild1.jpg\" alt=\"\" class=\"wp-image-13735\" srcset=\"http:\/\/875jahrekirchgoens.de\/wp-content\/uploads\/2023\/11\/Grab-Bild1.jpg 531w, http:\/\/875jahrekirchgoens.de\/wp-content\/uploads\/2023\/11\/Grab-Bild1-300x300.jpg 300w, http:\/\/875jahrekirchgoens.de\/wp-content\/uploads\/2023\/11\/Grab-Bild1-150x150.jpg 150w\" sizes=\"auto, (max-width: 531px) 100vw, 531px\" \/><figcaption class=\"wp-element-caption\">Einen neuen Platz gefunden hat dieses Familiengrabmal auf dem Friedhof in Kirch-G\u00f6ns. \n\n<\/figcaption><\/figure>\n\n\n\n<p><\/p>\n","protected":false},"excerpt":{"rendered":"<p>Einen neuen Platz hat der \u00e4lteste Grabstein auf dem Kirch-G\u00f6ns Friedhof erhalten. Der schwarze Marmorepitaph f\u00fcr die Familie Karl Hanack, \u00e4hnliche Grabsteine sind aus dem Anfang des 20. Jahrhunderts bekannt, wurde nach Absprache mit der Stadtverwaltung und mit Hilfe des Butzbacher Steinmetzbetriebes Bu\u00df und der Kirch-G\u00f6ns Gartenbaufirma Braasch umgesetzt. Von seinem seitherigen Standort auf einem &#8230; <a title=\"Neuer Platz f\u00fcr \u00e4ltesten Grabstein\" class=\"read-more\" href=\"http:\/\/875jahrekirchgoens.de\/?p=13734\" aria-label=\"Mehr Informationen \u00fcber Neuer Platz f\u00fcr \u00e4ltesten Grabstein\">Weiterlesen<\/a><\/p>\n","protected":false},"author":1,"featured_media":0,"comment_status":"closed","ping_status":"open","sticky":false,"template":"","format":"standard","meta":{"footnotes":""},"categories":[1],"tags":[],"class_list":["post-13734","post","type-post","status-publish","format-standard","hentry","category-infos"],"_links":{"self":[{"href":"http:\/\/875jahrekirchgoens.de\/index.php?rest_route=\/wp\/v2\/posts\/13734","targetHints":{"allow":["GET"]}}],"collection":[{"href":"http:\/\/875jahrekirchgoens.de\/index.php?rest_route=\/wp\/v2\/posts"}],"about":[{"href":"http:\/\/875jahrekirchgoens.de\/index.php?rest_route=\/wp\/v2\/types\/post"}],"author":[{"embeddable":true,"href":"http:\/\/875jahrekirchgoens.de\/index.php?rest_route=\/wp\/v2\/users\/1"}],"replies":[{"embeddable":true,"href":"http:\/\/875jahrekirchgoens.de\/index.php?rest_route=%2Fwp%2Fv2%2Fcomments&post=13734"}],"version-history":[{"count":1,"href":"http:\/\/875jahrekirchgoens.de\/index.php?rest_route=\/wp\/v2\/posts\/13734\/revisions"}],"predecessor-version":[{"id":13736,"href":"http:\/\/875jahrekirchgoens.de\/index.php?rest_route=\/wp\/v2\/posts\/13734\/revisions\/13736"}],"wp:attachment":[{"href":"http:\/\/875jahrekirchgoens.de\/index.php?rest_route=%2Fwp%2Fv2%2Fmedia&parent=13734"}],"wp:term":[{"taxonomy":"category","embeddable":true,"href":"http:\/\/875jahrekirchgoens.de\/index.php?rest_route=%2Fwp%2Fv2%2Fcategories&post=13734"},{"taxonomy":"post_tag","embeddable":true,"href":"http:\/\/875jahrekirchgoens.de\/index.php?rest_route=%2Fwp%2Fv2%2Ftags&post=13734"}],"curies":[{"name":"wp","href":"https:\/\/api.w.org\/{rel}","templated":true}]}}