{"id":13737,"date":"2005-01-17T16:02:26","date_gmt":"2005-01-17T16:02:26","guid":{"rendered":"http:\/\/875jahrekirchgoens.de\/?p=13737"},"modified":"2023-11-30T20:53:25","modified_gmt":"2023-11-30T20:53:25","slug":"fastnacht-faellt-aus","status":"publish","type":"post","link":"http:\/\/875jahrekirchgoens.de\/?p=13737","title":{"rendered":"Fastnacht f\u00e4llt aus"},"content":{"rendered":"\n<p>Wie die Interessengemeinschaft Kirch-G\u00f6nser Vereine, Verb\u00e4nde und Organisationen (IG) mitteilt, m\u00fcssen Kinderfastnacht und Fastnachtdisco am Dienstag, 8. Februar, im Kirch-G\u00f6nser B\u00fcrgerhaus ausfallen. Die bisher veranstaltenden Vereine Musikzug, Turnverein, Sch\u00fctzenverein und Feuerwehr seien nicht mehr bereit, diese Veranstaltung zu organisieren. In der n\u00e4chsten Mitgliederversammlung der IG soll \u00fcber ein neues Konzept f\u00fcr 2006 beraten werden.<\/p>\n\n\n\n<p>Quelle: Butzbacher Zeitung vom 17. Januar 2005<\/p>\n","protected":false},"excerpt":{"rendered":"<p>Wie die Interessengemeinschaft Kirch-G\u00f6nser Vereine, Verb\u00e4nde und Organisationen (IG) mitteilt, m\u00fcssen Kinderfastnacht und Fastnachtdisco am Dienstag, 8. Februar, im Kirch-G\u00f6nser B\u00fcrgerhaus ausfallen. Die bisher veranstaltenden Vereine Musikzug, Turnverein, Sch\u00fctzenverein und Feuerwehr seien nicht mehr bereit, diese Veranstaltung zu organisieren. In der n\u00e4chsten Mitgliederversammlung der IG soll \u00fcber ein neues Konzept f\u00fcr 2006 beraten werden. Quelle: &#8230; <a title=\"Fastnacht f\u00e4llt aus\" class=\"read-more\" href=\"http:\/\/875jahrekirchgoens.de\/?p=13737\" aria-label=\"Mehr Informationen \u00fcber Fastnacht f\u00e4llt aus\">Weiterlesen<\/a><\/p>\n","protected":false},"author":1,"featured_media":0,"comment_status":"closed","ping_status":"open","sticky":false,"template":"","format":"standard","meta":{"footnotes":""},"categories":[1],"tags":[],"class_list":["post-13737","post","type-post","status-publish","format-standard","hentry","category-infos"],"_links":{"self":[{"href":"http:\/\/875jahrekirchgoens.de\/index.php?rest_route=\/wp\/v2\/posts\/13737","targetHints":{"allow":["GET"]}}],"collection":[{"href":"http:\/\/875jahrekirchgoens.de\/index.php?rest_route=\/wp\/v2\/posts"}],"about":[{"href":"http:\/\/875jahrekirchgoens.de\/index.php?rest_route=\/wp\/v2\/types\/post"}],"author":[{"embeddable":true,"href":"http:\/\/875jahrekirchgoens.de\/index.php?rest_route=\/wp\/v2\/users\/1"}],"replies":[{"embeddable":true,"href":"http:\/\/875jahrekirchgoens.de\/index.php?rest_route=%2Fwp%2Fv2%2Fcomments&post=13737"}],"version-history":[{"count":2,"href":"http:\/\/875jahrekirchgoens.de\/index.php?rest_route=\/wp\/v2\/posts\/13737\/revisions"}],"predecessor-version":[{"id":13896,"href":"http:\/\/875jahrekirchgoens.de\/index.php?rest_route=\/wp\/v2\/posts\/13737\/revisions\/13896"}],"wp:attachment":[{"href":"http:\/\/875jahrekirchgoens.de\/index.php?rest_route=%2Fwp%2Fv2%2Fmedia&parent=13737"}],"wp:term":[{"taxonomy":"category","embeddable":true,"href":"http:\/\/875jahrekirchgoens.de\/index.php?rest_route=%2Fwp%2Fv2%2Fcategories&post=13737"},{"taxonomy":"post_tag","embeddable":true,"href":"http:\/\/875jahrekirchgoens.de\/index.php?rest_route=%2Fwp%2Fv2%2Ftags&post=13737"}],"curies":[{"name":"wp","href":"https:\/\/api.w.org\/{rel}","templated":true}]}}