{"id":13747,"date":"2023-11-06T16:12:55","date_gmt":"2023-11-06T16:12:55","guid":{"rendered":"http:\/\/875jahrekirchgoens.de\/?p=13747"},"modified":"2023-11-30T19:29:43","modified_gmt":"2023-11-30T19:29:43","slug":"kirch-goens-plant-dorfjubilaeum-2","status":"publish","type":"post","link":"http:\/\/875jahrekirchgoens.de\/?p=13747","title":{"rendered":"Kirch-G\u00f6ns plant Dorfjubil\u00e4um"},"content":{"rendered":"\n<p>(Mz.) Unter dem Motto \u201eEin Dorf f\u00fcr alle\u201c plant die Interessengemeinschaft der Kirch-G\u00f6nser Vereine und Gruppen das Dorfjubil\u00e4um zum 875j\u00e4hrigen Bestehen im Jahre 2025. Aus diesem Anlass trafen sich am vergangenen Samstagnachmittag mehrere Vereinsvertreter und Ausschussmitglieder (Finanz-, Werbe-, Akdamische Feier-, Chronik-, Personal- und Festzugsausschuss) zu einem ersten Informationsgespr\u00e4ch in den R\u00e4umlichkeiten der Freiwilligen Feuerwehr Kirch-G\u00f6ns.<\/p>\n\n\n\n<p>IG-Vorsitzender Michael Tiedemann stellte die Daten zu den Jubil\u00e4umstagen wie folgt vor: Samstag, 31.08.2024 (875 Kirch-G\u00f6nser\/innen auf dem Sportplatz),<\/p>\n\n\n\n<ul class=\"wp-block-list\">\n<li>Samstag, 28.09.2024 (Sponsorentag),<\/li>\n\n\n\n<li>November 2024 Jahreshauptversammlung IG<\/li>\n\n\n\n<li>Samstag, 28.12.2024 (Kirch-G\u00f6ns wandert ins Jubil\u00e4umsjahr)<\/li>\n\n\n\n<li>Samstag, 18.01.2025 (Kirch-G\u00f6ns ehrt)<\/li>\n\n\n\n<li>M\u00e4rz 2025 (Kirch-G\u00f6ns putzt sich heraus)<\/li>\n\n\n\n<li>Samstag, 22.03.2025 \u2013 Akademische Feier zum 875j\u00e4hrigen Jubil\u00e4um \u2013 Mehrzweckhalle Kirch-\/Pohl-G\u00f6ns<\/li>\n\n\n\n<li>Freitag \u2013 Sonntag, 29. \u2013 31.08.2025 \u2013 Festwochenende<\/li>\n\n\n\n<li>Freitag, 3. Oktober 2025 (Dankesch\u00f6n-Party f\u00fcr Helfer-\/innen)<\/li>\n\n\n\n<li>November 2025 Jahreshauptversammlung IG<\/li>\n<\/ul>\n\n\n\n<p>Die Planungen f\u00fcr die einzelnen Veranstaltungen sind bereits im Gange und die einzelnen Aussch\u00fcsse werden aktiv.<\/p>\n\n\n\n<p>Im Rahmen der Ressourceneinsparung sucht die IG nach einem Nachhaltigkeitsbeauftragten f\u00fcr die Feierlichkeiten. Wer gerne als Nachhaltigkeitsbeauftragter &#8211; ehrenamtlich im Team &#8211; zu den Vorbereitungen der Jubil\u00e4umstage mitarbeiten m\u00f6chte, kann sich gerne unter <a href=\"mailto:info@875jahrekirchgoens.de\">info@875jahrekirchgoens.de<\/a> oder pers\u00f6nlich an den IG-Vorstand wenden.<\/p>\n\n\n\n<p>Bereits jetzt geht man neue Wege und wird mittels der Kommunikationsplattform Teams in den Aussch\u00fcssen kommunizieren, um unn\u00f6tiges Papiervolumen einzusparen. Zu der Aufarbeitung der Chronik von den Jahren 2000 \u2013 2023 wird separat berichtet werden.<\/p>\n","protected":false},"excerpt":{"rendered":"<p>(Mz.) Unter dem Motto \u201eEin Dorf f\u00fcr alle\u201c plant die Interessengemeinschaft der Kirch-G\u00f6nser Vereine und Gruppen das Dorfjubil\u00e4um zum 875j\u00e4hrigen Bestehen im Jahre 2025. Aus diesem Anlass trafen sich am vergangenen Samstagnachmittag mehrere Vereinsvertreter und Ausschussmitglieder (Finanz-, Werbe-, Akdamische Feier-, Chronik-, Personal- und Festzugsausschuss) zu einem ersten Informationsgespr\u00e4ch in den R\u00e4umlichkeiten der Freiwilligen Feuerwehr Kirch-G\u00f6ns. &#8230; <a title=\"Kirch-G\u00f6ns plant Dorfjubil\u00e4um\" class=\"read-more\" href=\"http:\/\/875jahrekirchgoens.de\/?p=13747\" aria-label=\"Mehr Informationen \u00fcber Kirch-G\u00f6ns plant Dorfjubil\u00e4um\">Weiterlesen<\/a><\/p>\n","protected":false},"author":1,"featured_media":0,"comment_status":"closed","ping_status":"open","sticky":false,"template":"","format":"standard","meta":{"footnotes":""},"categories":[1],"tags":[],"class_list":["post-13747","post","type-post","status-publish","format-standard","hentry","category-infos"],"_links":{"self":[{"href":"http:\/\/875jahrekirchgoens.de\/index.php?rest_route=\/wp\/v2\/posts\/13747","targetHints":{"allow":["GET"]}}],"collection":[{"href":"http:\/\/875jahrekirchgoens.de\/index.php?rest_route=\/wp\/v2\/posts"}],"about":[{"href":"http:\/\/875jahrekirchgoens.de\/index.php?rest_route=\/wp\/v2\/types\/post"}],"author":[{"embeddable":true,"href":"http:\/\/875jahrekirchgoens.de\/index.php?rest_route=\/wp\/v2\/users\/1"}],"replies":[{"embeddable":true,"href":"http:\/\/875jahrekirchgoens.de\/index.php?rest_route=%2Fwp%2Fv2%2Fcomments&post=13747"}],"version-history":[{"count":1,"href":"http:\/\/875jahrekirchgoens.de\/index.php?rest_route=\/wp\/v2\/posts\/13747\/revisions"}],"predecessor-version":[{"id":13748,"href":"http:\/\/875jahrekirchgoens.de\/index.php?rest_route=\/wp\/v2\/posts\/13747\/revisions\/13748"}],"wp:attachment":[{"href":"http:\/\/875jahrekirchgoens.de\/index.php?rest_route=%2Fwp%2Fv2%2Fmedia&parent=13747"}],"wp:term":[{"taxonomy":"category","embeddable":true,"href":"http:\/\/875jahrekirchgoens.de\/index.php?rest_route=%2Fwp%2Fv2%2Fcategories&post=13747"},{"taxonomy":"post_tag","embeddable":true,"href":"http:\/\/875jahrekirchgoens.de\/index.php?rest_route=%2Fwp%2Fv2%2Ftags&post=13747"}],"curies":[{"name":"wp","href":"https:\/\/api.w.org\/{rel}","templated":true}]}}