{"id":13750,"date":"2023-11-22T16:14:26","date_gmt":"2023-11-22T16:14:26","guid":{"rendered":"http:\/\/875jahrekirchgoens.de\/?p=13750"},"modified":"2023-11-30T19:29:26","modified_gmt":"2023-11-30T19:29:26","slug":"maenner-kochten-spanisches-mit-andre-stiene","status":"publish","type":"post","link":"http:\/\/875jahrekirchgoens.de\/?p=13750","title":{"rendered":"M\u00e4nner kochten Spanisches mit Andr\u00e9 Stiene"},"content":{"rendered":"\n<p>Bereits zum achten Mal veranstaltete die evangelische Kirchengemeinde Kirch-\/Pohl-G\u00f6ns einen Kochabend f\u00fcr M\u00e4nner unter der Leitung des erfahrenen Kochs und K\u00fcchenchefs Andr\u00e9 Stiene. Das Kochen stand und steht immer unter einem besonderen Thema wie Schottland, Italien, Wild oder Westerwald. In diesem Jahr ging es um Spanien.<\/p>\n\n\n\n<p>Es wurden entsprechende Men\u00fcs wie Tapas, Fabada Asturiana und Churros zubereitet. Auch einen ganzen Kabeljau mussten die M\u00e4nner filetieren, denen der Kirch-G\u00f6ns Profi Andr\u00e9 Stiene nur beratend zur Seite stand. Kochen mussten die M\u00e4nner selbst.<\/p>\n\n\n\n<figure class=\"wp-block-image size-large\"><img loading=\"lazy\" decoding=\"async\" width=\"1024\" height=\"439\" src=\"http:\/\/875jahrekirchgoens.de\/wp-content\/uploads\/2023\/11\/Kochen-Bild1-1024x439.jpg\" alt=\"\" class=\"wp-image-13749\" srcset=\"http:\/\/875jahrekirchgoens.de\/wp-content\/uploads\/2023\/11\/Kochen-Bild1-1024x439.jpg 1024w, http:\/\/875jahrekirchgoens.de\/wp-content\/uploads\/2023\/11\/Kochen-Bild1-300x129.jpg 300w, http:\/\/875jahrekirchgoens.de\/wp-content\/uploads\/2023\/11\/Kochen-Bild1-768x329.jpg 768w, http:\/\/875jahrekirchgoens.de\/wp-content\/uploads\/2023\/11\/Kochen-Bild1-1536x658.jpg 1536w, http:\/\/875jahrekirchgoens.de\/wp-content\/uploads\/2023\/11\/Kochen-Bild1.jpg 1890w\" sizes=\"auto, (max-width: 1024px) 100vw, 1024px\" \/><\/figure>\n\n\n\n<p>Quelle und Bild: Butzbacher Zeitung vom 22.11.23<\/p>\n","protected":false},"excerpt":{"rendered":"<p>Bereits zum achten Mal veranstaltete die evangelische Kirchengemeinde Kirch-\/Pohl-G\u00f6ns einen Kochabend f\u00fcr M\u00e4nner unter der Leitung des erfahrenen Kochs und K\u00fcchenchefs Andr\u00e9 Stiene. Das Kochen stand und steht immer unter einem besonderen Thema wie Schottland, Italien, Wild oder Westerwald. In diesem Jahr ging es um Spanien. Es wurden entsprechende Men\u00fcs wie Tapas, Fabada Asturiana und &#8230; <a title=\"M\u00e4nner kochten Spanisches mit Andr\u00e9 Stiene\" class=\"read-more\" href=\"http:\/\/875jahrekirchgoens.de\/?p=13750\" aria-label=\"Mehr Informationen \u00fcber M\u00e4nner kochten Spanisches mit Andr\u00e9 Stiene\">Weiterlesen<\/a><\/p>\n","protected":false},"author":1,"featured_media":0,"comment_status":"closed","ping_status":"open","sticky":false,"template":"","format":"standard","meta":{"footnotes":""},"categories":[1],"tags":[],"class_list":["post-13750","post","type-post","status-publish","format-standard","hentry","category-infos"],"_links":{"self":[{"href":"http:\/\/875jahrekirchgoens.de\/index.php?rest_route=\/wp\/v2\/posts\/13750","targetHints":{"allow":["GET"]}}],"collection":[{"href":"http:\/\/875jahrekirchgoens.de\/index.php?rest_route=\/wp\/v2\/posts"}],"about":[{"href":"http:\/\/875jahrekirchgoens.de\/index.php?rest_route=\/wp\/v2\/types\/post"}],"author":[{"embeddable":true,"href":"http:\/\/875jahrekirchgoens.de\/index.php?rest_route=\/wp\/v2\/users\/1"}],"replies":[{"embeddable":true,"href":"http:\/\/875jahrekirchgoens.de\/index.php?rest_route=%2Fwp%2Fv2%2Fcomments&post=13750"}],"version-history":[{"count":1,"href":"http:\/\/875jahrekirchgoens.de\/index.php?rest_route=\/wp\/v2\/posts\/13750\/revisions"}],"predecessor-version":[{"id":13751,"href":"http:\/\/875jahrekirchgoens.de\/index.php?rest_route=\/wp\/v2\/posts\/13750\/revisions\/13751"}],"wp:attachment":[{"href":"http:\/\/875jahrekirchgoens.de\/index.php?rest_route=%2Fwp%2Fv2%2Fmedia&parent=13750"}],"wp:term":[{"taxonomy":"category","embeddable":true,"href":"http:\/\/875jahrekirchgoens.de\/index.php?rest_route=%2Fwp%2Fv2%2Fcategories&post=13750"},{"taxonomy":"post_tag","embeddable":true,"href":"http:\/\/875jahrekirchgoens.de\/index.php?rest_route=%2Fwp%2Fv2%2Ftags&post=13750"}],"curies":[{"name":"wp","href":"https:\/\/api.w.org\/{rel}","templated":true}]}}