{"id":13752,"date":"2023-11-25T16:15:04","date_gmt":"2023-11-25T16:15:04","guid":{"rendered":"http:\/\/875jahrekirchgoens.de\/?p=13752"},"modified":"2023-11-30T19:29:15","modified_gmt":"2023-11-30T19:29:15","slug":"adventskaffee-mit-weihnachtslieder-singen","status":"publish","type":"post","link":"http:\/\/875jahrekirchgoens.de\/?p=13752","title":{"rendered":"Adventskaffee mit Weihnachtslieder singen"},"content":{"rendered":"\n<p>Der Ortsbeirat Kirch-G\u00f6ns und der Gospelchor Let it Shine laden in diesem Jahr gemeinsam zur Einstimmung in den Advent ein. Am Sonntag, 3. Dezember, ab 14.00 Uhr, sind alle B\u00fcrger, egal ob jung ob alt, im B\u00fcrgerhaus Kirch-G\u00f6ns willkommen. Gemeinsam bei Kaffee und selbstgemachten Kuchen werden weihnachtliche Lieder gesungen und ein paar sch\u00f6ne Stunden verbracht. Der Ortsbeirat und der Gospelchor freuen sich \u00fcber viele Besucher.<\/p>\n\n\n\n<p>Quelle: Butzbacher Zeitung vom 25.11.23<\/p>\n","protected":false},"excerpt":{"rendered":"<p>Der Ortsbeirat Kirch-G\u00f6ns und der Gospelchor Let it Shine laden in diesem Jahr gemeinsam zur Einstimmung in den Advent ein. Am Sonntag, 3. Dezember, ab 14.00 Uhr, sind alle B\u00fcrger, egal ob jung ob alt, im B\u00fcrgerhaus Kirch-G\u00f6ns willkommen. Gemeinsam bei Kaffee und selbstgemachten Kuchen werden weihnachtliche Lieder gesungen und ein paar sch\u00f6ne Stunden verbracht. &#8230; <a title=\"Adventskaffee mit Weihnachtslieder singen\" class=\"read-more\" href=\"http:\/\/875jahrekirchgoens.de\/?p=13752\" aria-label=\"Mehr Informationen \u00fcber Adventskaffee mit Weihnachtslieder singen\">Weiterlesen<\/a><\/p>\n","protected":false},"author":1,"featured_media":0,"comment_status":"closed","ping_status":"open","sticky":false,"template":"","format":"standard","meta":{"footnotes":""},"categories":[1],"tags":[],"class_list":["post-13752","post","type-post","status-publish","format-standard","hentry","category-infos"],"_links":{"self":[{"href":"http:\/\/875jahrekirchgoens.de\/index.php?rest_route=\/wp\/v2\/posts\/13752","targetHints":{"allow":["GET"]}}],"collection":[{"href":"http:\/\/875jahrekirchgoens.de\/index.php?rest_route=\/wp\/v2\/posts"}],"about":[{"href":"http:\/\/875jahrekirchgoens.de\/index.php?rest_route=\/wp\/v2\/types\/post"}],"author":[{"embeddable":true,"href":"http:\/\/875jahrekirchgoens.de\/index.php?rest_route=\/wp\/v2\/users\/1"}],"replies":[{"embeddable":true,"href":"http:\/\/875jahrekirchgoens.de\/index.php?rest_route=%2Fwp%2Fv2%2Fcomments&post=13752"}],"version-history":[{"count":1,"href":"http:\/\/875jahrekirchgoens.de\/index.php?rest_route=\/wp\/v2\/posts\/13752\/revisions"}],"predecessor-version":[{"id":13753,"href":"http:\/\/875jahrekirchgoens.de\/index.php?rest_route=\/wp\/v2\/posts\/13752\/revisions\/13753"}],"wp:attachment":[{"href":"http:\/\/875jahrekirchgoens.de\/index.php?rest_route=%2Fwp%2Fv2%2Fmedia&parent=13752"}],"wp:term":[{"taxonomy":"category","embeddable":true,"href":"http:\/\/875jahrekirchgoens.de\/index.php?rest_route=%2Fwp%2Fv2%2Fcategories&post=13752"},{"taxonomy":"post_tag","embeddable":true,"href":"http:\/\/875jahrekirchgoens.de\/index.php?rest_route=%2Fwp%2Fv2%2Ftags&post=13752"}],"curies":[{"name":"wp","href":"https:\/\/api.w.org\/{rel}","templated":true}]}}