{"id":13754,"date":"2023-11-29T16:18:53","date_gmt":"2023-11-29T16:18:53","guid":{"rendered":"http:\/\/875jahrekirchgoens.de\/?p=13754"},"modified":"2023-11-29T16:18:55","modified_gmt":"2023-11-29T16:18:55","slug":"brueckenabbruch-in-pohl-goens","status":"publish","type":"post","link":"http:\/\/875jahrekirchgoens.de\/?p=13754","title":{"rendered":"Br\u00fcckenabbruch in Pohl-G\u00f6ns"},"content":{"rendered":"\n<p>Am Freitagnachmittag wurde die Baustelle f\u00fcr den Abbruch der B3-Br\u00fccke bei Pohl-G\u00f6ns eingerichtet. Die Maschinen und Ger\u00e4tschaften standen bereit und alle Vorbereitungen und Vorkehrungen f\u00fcr die Vollsperrung der B3 und Einrichtung der Umleitung waren getroffen. &nbsp;<\/p>\n\n\n\n<p>Im Laufe des Tages begann auf der seit Mai wegen akuter Einsturzgefahr f\u00fcr Kraftfahrzeuge, aber auch f\u00fcr Fahrradfahrer und Fu\u00dfg\u00e4nger gesperrten Br\u00fccke die Arbeit mit dem Bagger, der den Asphaltbetrag mit einem Mei\u00dfel aufbrach.<\/p>\n\n\n\n<p>Der Verkehr floss indes unter der Br\u00fccke weiter. Seit 20.00 Uhr gestern Abend sind die Abbrucharbeiten in vollem Gange und sollen bis sp\u00e4testens Montagmorgen erledigt sein.<\/p>\n\n\n\n<p>Quelle und Bilder: Butzbacher Zeitung vom 25.11.23<\/p>\n\n\n\n<figure class=\"wp-block-image size-full is-resized\"><img loading=\"lazy\" decoding=\"async\" width=\"231\" height=\"172\" src=\"http:\/\/875jahrekirchgoens.de\/wp-content\/uploads\/2023\/11\/Bruecke-Bild2.png\" alt=\"\" class=\"wp-image-13756\" style=\"width:562px;height:auto\"\/><\/figure>\n\n\n\n<figure class=\"wp-block-image size-full is-resized\"><img loading=\"lazy\" decoding=\"async\" width=\"229\" height=\"163\" src=\"http:\/\/875jahrekirchgoens.de\/wp-content\/uploads\/2023\/11\/Bruecke-Bild3.png\" alt=\"\" class=\"wp-image-13757\" style=\"width:561px;height:auto\"\/><\/figure>\n\n\n\n<figure class=\"wp-block-image size-full is-resized\"><img loading=\"lazy\" decoding=\"async\" width=\"270\" height=\"173\" src=\"http:\/\/875jahrekirchgoens.de\/wp-content\/uploads\/2023\/11\/Bruecke-Bild1.png\" alt=\"\" class=\"wp-image-13755\" style=\"width:564px;height:auto\"\/><\/figure>\n","protected":false},"excerpt":{"rendered":"<p>Am Freitagnachmittag wurde die Baustelle f\u00fcr den Abbruch der B3-Br\u00fccke bei Pohl-G\u00f6ns eingerichtet. Die Maschinen und Ger\u00e4tschaften standen bereit und alle Vorbereitungen und Vorkehrungen f\u00fcr die Vollsperrung der B3 und Einrichtung der Umleitung waren getroffen. &nbsp; Im Laufe des Tages begann auf der seit Mai wegen akuter Einsturzgefahr f\u00fcr Kraftfahrzeuge, aber auch f\u00fcr Fahrradfahrer und &#8230; <a title=\"Br\u00fcckenabbruch in Pohl-G\u00f6ns\" class=\"read-more\" href=\"http:\/\/875jahrekirchgoens.de\/?p=13754\" aria-label=\"Mehr Informationen \u00fcber Br\u00fcckenabbruch in Pohl-G\u00f6ns\">Weiterlesen<\/a><\/p>\n","protected":false},"author":1,"featured_media":0,"comment_status":"closed","ping_status":"open","sticky":false,"template":"","format":"standard","meta":{"footnotes":""},"categories":[1],"tags":[],"class_list":["post-13754","post","type-post","status-publish","format-standard","hentry","category-infos"],"_links":{"self":[{"href":"http:\/\/875jahrekirchgoens.de\/index.php?rest_route=\/wp\/v2\/posts\/13754","targetHints":{"allow":["GET"]}}],"collection":[{"href":"http:\/\/875jahrekirchgoens.de\/index.php?rest_route=\/wp\/v2\/posts"}],"about":[{"href":"http:\/\/875jahrekirchgoens.de\/index.php?rest_route=\/wp\/v2\/types\/post"}],"author":[{"embeddable":true,"href":"http:\/\/875jahrekirchgoens.de\/index.php?rest_route=\/wp\/v2\/users\/1"}],"replies":[{"embeddable":true,"href":"http:\/\/875jahrekirchgoens.de\/index.php?rest_route=%2Fwp%2Fv2%2Fcomments&post=13754"}],"version-history":[{"count":1,"href":"http:\/\/875jahrekirchgoens.de\/index.php?rest_route=\/wp\/v2\/posts\/13754\/revisions"}],"predecessor-version":[{"id":13758,"href":"http:\/\/875jahrekirchgoens.de\/index.php?rest_route=\/wp\/v2\/posts\/13754\/revisions\/13758"}],"wp:attachment":[{"href":"http:\/\/875jahrekirchgoens.de\/index.php?rest_route=%2Fwp%2Fv2%2Fmedia&parent=13754"}],"wp:term":[{"taxonomy":"category","embeddable":true,"href":"http:\/\/875jahrekirchgoens.de\/index.php?rest_route=%2Fwp%2Fv2%2Fcategories&post=13754"},{"taxonomy":"post_tag","embeddable":true,"href":"http:\/\/875jahrekirchgoens.de\/index.php?rest_route=%2Fwp%2Fv2%2Ftags&post=13754"}],"curies":[{"name":"wp","href":"https:\/\/api.w.org\/{rel}","templated":true}]}}