{"id":13763,"date":"2023-11-29T16:23:40","date_gmt":"2023-11-29T16:23:40","guid":{"rendered":"http:\/\/875jahrekirchgoens.de\/?p=13763"},"modified":"2023-11-29T16:23:42","modified_gmt":"2023-11-29T16:23:42","slug":"abriss-der-b3-bruecke-bei-pohl-goens-schneller-als-geplant","status":"publish","type":"post","link":"http:\/\/875jahrekirchgoens.de\/?p=13763","title":{"rendered":"Abriss der B3-Br\u00fccke bei Pohl-G\u00f6ns schneller als geplant"},"content":{"rendered":"\n<p>Deutlich fr\u00fcher als geplant, bereits am Sonntagnachmittag, war die Bundesstra\u00dfe 3 zwischen Butzbach und Langg\u00f6ns wieder frei befahrbar.<\/p>\n\n\n\n<p>Der Abriss der Zubringerbr\u00fccke bei Pohl-G\u00f6ns ging schneller als gedacht vonstatten. Von Freitag, 20.00 Uhr bis Montagmorgen, 05.00 Uhr, hatte die Landesstra\u00dfenbauverwaltung Hessen Mobil die Sperrung der Fernverbindung eingeplant.<\/p>\n\n\n\n<p>Die Abbrucharbeiten begannen bereits am sp\u00e4ten Freitagabend. Am Sonntag gegen 15.00 Uhr war die Stra\u00dfe bereits wieder gereinigt. Nur noch die abgestellten Baufahrzeuge und die steinernen Reste der \u00dcberf\u00fchrung deuteten auf die Arbeiten hin.<\/p>\n\n\n\n<p>Das mit einer Drohne aufgenommene Luftbild zeigte die beiden eingesetzten Abrissbagger der Firma Max Wild aus Memmingen, die mit dem Abbruch betraut war.<\/p>\n\n\n\n<p>Am Sonntag war das Abbruchmaterial von der Fahrbahn entfernt. Die B\u00f6schung im Bereich der Pfeiler wurde entsprechend sicher wieder hergerichtet. So konnte der Verkehr auf der Nord-S\u00fcd-Verbindung Butzbach-Gie\u00dfen wieder reibungslos flie\u00dfen.<\/p>\n\n\n\n<p>Quelle und Bilder: Butzbacher Zeitung vom 27. November 2023<\/p>\n\n\n\n<figure class=\"wp-block-gallery has-nested-images columns-default is-cropped wp-block-gallery-1 is-layout-flex wp-block-gallery-is-layout-flex\">\n<figure class=\"wp-block-image size-large\"><img loading=\"lazy\" decoding=\"async\" width=\"228\" height=\"154\" data-id=\"13762\" src=\"http:\/\/875jahrekirchgoens.de\/wp-content\/uploads\/2023\/11\/Abriss-Bild2.png\" alt=\"\" class=\"wp-image-13762\"\/><\/figure>\n\n\n\n<figure class=\"wp-block-image size-large\"><img loading=\"lazy\" decoding=\"async\" width=\"269\" height=\"154\" data-id=\"13761\" src=\"http:\/\/875jahrekirchgoens.de\/wp-content\/uploads\/2023\/11\/Abriss-Bild1.png\" alt=\"\" class=\"wp-image-13761\"\/><\/figure>\n\n\n\n<figure class=\"wp-block-image size-large\"><img loading=\"lazy\" decoding=\"async\" width=\"267\" height=\"173\" data-id=\"13759\" src=\"http:\/\/875jahrekirchgoens.de\/wp-content\/uploads\/2023\/11\/Abriss-Bild3.png\" alt=\"\" class=\"wp-image-13759\"\/><\/figure>\n\n\n\n<figure class=\"wp-block-image size-large\"><img loading=\"lazy\" decoding=\"async\" width=\"256\" height=\"164\" data-id=\"13760\" src=\"http:\/\/875jahrekirchgoens.de\/wp-content\/uploads\/2023\/11\/Abriss-Bild4.png\" alt=\"\" class=\"wp-image-13760\"\/><\/figure>\n<\/figure>\n","protected":false},"excerpt":{"rendered":"<p>Deutlich fr\u00fcher als geplant, bereits am Sonntagnachmittag, war die Bundesstra\u00dfe 3 zwischen Butzbach und Langg\u00f6ns wieder frei befahrbar. Der Abriss der Zubringerbr\u00fccke bei Pohl-G\u00f6ns ging schneller als gedacht vonstatten. Von Freitag, 20.00 Uhr bis Montagmorgen, 05.00 Uhr, hatte die Landesstra\u00dfenbauverwaltung Hessen Mobil die Sperrung der Fernverbindung eingeplant. Die Abbrucharbeiten begannen bereits am sp\u00e4ten Freitagabend. Am &#8230; <a title=\"Abriss der B3-Br\u00fccke bei Pohl-G\u00f6ns schneller als geplant\" class=\"read-more\" href=\"http:\/\/875jahrekirchgoens.de\/?p=13763\" aria-label=\"Mehr Informationen \u00fcber Abriss der B3-Br\u00fccke bei Pohl-G\u00f6ns schneller als geplant\">Weiterlesen<\/a><\/p>\n","protected":false},"author":1,"featured_media":0,"comment_status":"closed","ping_status":"open","sticky":false,"template":"","format":"standard","meta":{"footnotes":""},"categories":[1],"tags":[],"class_list":["post-13763","post","type-post","status-publish","format-standard","hentry","category-infos"],"_links":{"self":[{"href":"http:\/\/875jahrekirchgoens.de\/index.php?rest_route=\/wp\/v2\/posts\/13763","targetHints":{"allow":["GET"]}}],"collection":[{"href":"http:\/\/875jahrekirchgoens.de\/index.php?rest_route=\/wp\/v2\/posts"}],"about":[{"href":"http:\/\/875jahrekirchgoens.de\/index.php?rest_route=\/wp\/v2\/types\/post"}],"author":[{"embeddable":true,"href":"http:\/\/875jahrekirchgoens.de\/index.php?rest_route=\/wp\/v2\/users\/1"}],"replies":[{"embeddable":true,"href":"http:\/\/875jahrekirchgoens.de\/index.php?rest_route=%2Fwp%2Fv2%2Fcomments&post=13763"}],"version-history":[{"count":1,"href":"http:\/\/875jahrekirchgoens.de\/index.php?rest_route=\/wp\/v2\/posts\/13763\/revisions"}],"predecessor-version":[{"id":13764,"href":"http:\/\/875jahrekirchgoens.de\/index.php?rest_route=\/wp\/v2\/posts\/13763\/revisions\/13764"}],"wp:attachment":[{"href":"http:\/\/875jahrekirchgoens.de\/index.php?rest_route=%2Fwp%2Fv2%2Fmedia&parent=13763"}],"wp:term":[{"taxonomy":"category","embeddable":true,"href":"http:\/\/875jahrekirchgoens.de\/index.php?rest_route=%2Fwp%2Fv2%2Fcategories&post=13763"},{"taxonomy":"post_tag","embeddable":true,"href":"http:\/\/875jahrekirchgoens.de\/index.php?rest_route=%2Fwp%2Fv2%2Ftags&post=13763"}],"curies":[{"name":"wp","href":"https:\/\/api.w.org\/{rel}","templated":true}]}}