{"id":13765,"date":"2023-11-27T16:32:53","date_gmt":"2023-11-27T16:32:53","guid":{"rendered":"http:\/\/875jahrekirchgoens.de\/?p=13765"},"modified":"2023-11-30T19:29:02","modified_gmt":"2023-11-30T19:29:02","slug":"gospelchor-let-it-shine-im-blaulichtgottesdienst","status":"publish","type":"post","link":"http:\/\/875jahrekirchgoens.de\/?p=13765","title":{"rendered":"Gospelchor Let it Shine im \u201eBlaulichtgottesdienst\u201c"},"content":{"rendered":"\n<p>Der Kirch-G\u00f6ner Gospelchor \u201eLet it Shine\u201c unter der Leitung von Theresa Heinz \u00fcbernahm in der vergangenen Woche die musikalische Umrahmung des j\u00e4hrlich stattfindenden \u201eBlaulichtgottesdienst\u201c des Kreises Gie\u00dfen.<\/p>\n\n\n\n<p>Dabei wurden die Gie\u00dfener Johanneskirche zwei hauptamtliche sowie zw\u00f6lf ehrenamtliche Notfallseelsorger in ihren Dienst eingef\u00fchrt und beauftragt. F\u00fcr die S\u00e4nger, die teils von Kantor Christoph Koerber am Klavier begleitet wurden, waren diese Auftritte inmitten von Mitgliedern diverser Rettungsdienste, der Feuerwehr, der Polizei und Notfallseelsorger eine ganz besondere Ehre.<\/p>\n\n\n\n<p>Der Anfrage ist man sehr gerne nachgekommen, es war ein tolles Erlebnis diesen besonderen Gottesdienst mitgestalten zu k\u00f6nnen, so die eindeutige Meinung im Anschluss. Der n\u00e4chste Auftritt des Chores steht auch schon fest. Bei der Er\u00f6ffnung des Weihnachtsmarktes in Butzbach, am Freitag, 1. Dezember, wird der Chor um 17.00 Uhr auf dem Marktplatz zu h\u00f6ren sein, bis dahin werden nun verst\u00e4rkt Weihnachtslieder geprobt.<\/p>\n\n\n\n<p>Quelle und Bild: Butzbacher Zeitung vom 27. November 2023<\/p>\n\n\n\n<figure class=\"wp-block-image size-full is-resized\"><img loading=\"lazy\" decoding=\"async\" width=\"345\" height=\"196\" src=\"http:\/\/875jahrekirchgoens.de\/wp-content\/uploads\/2023\/11\/Letitshine-Bild2.jpg\" alt=\"\" class=\"wp-image-13766\" style=\"width:1151px;height:auto\" srcset=\"http:\/\/875jahrekirchgoens.de\/wp-content\/uploads\/2023\/11\/Letitshine-Bild2.jpg 345w, http:\/\/875jahrekirchgoens.de\/wp-content\/uploads\/2023\/11\/Letitshine-Bild2-300x170.jpg 300w\" sizes=\"auto, (max-width: 345px) 100vw, 345px\" \/><\/figure>\n","protected":false},"excerpt":{"rendered":"<p>Der Kirch-G\u00f6ner Gospelchor \u201eLet it Shine\u201c unter der Leitung von Theresa Heinz \u00fcbernahm in der vergangenen Woche die musikalische Umrahmung des j\u00e4hrlich stattfindenden \u201eBlaulichtgottesdienst\u201c des Kreises Gie\u00dfen. Dabei wurden die Gie\u00dfener Johanneskirche zwei hauptamtliche sowie zw\u00f6lf ehrenamtliche Notfallseelsorger in ihren Dienst eingef\u00fchrt und beauftragt. F\u00fcr die S\u00e4nger, die teils von Kantor Christoph Koerber am Klavier &#8230; <a title=\"Gospelchor Let it Shine im \u201eBlaulichtgottesdienst\u201c\" class=\"read-more\" href=\"http:\/\/875jahrekirchgoens.de\/?p=13765\" aria-label=\"Mehr Informationen \u00fcber Gospelchor Let it Shine im \u201eBlaulichtgottesdienst\u201c\">Weiterlesen<\/a><\/p>\n","protected":false},"author":1,"featured_media":0,"comment_status":"closed","ping_status":"open","sticky":false,"template":"","format":"standard","meta":{"footnotes":""},"categories":[1],"tags":[],"class_list":["post-13765","post","type-post","status-publish","format-standard","hentry","category-infos"],"_links":{"self":[{"href":"http:\/\/875jahrekirchgoens.de\/index.php?rest_route=\/wp\/v2\/posts\/13765","targetHints":{"allow":["GET"]}}],"collection":[{"href":"http:\/\/875jahrekirchgoens.de\/index.php?rest_route=\/wp\/v2\/posts"}],"about":[{"href":"http:\/\/875jahrekirchgoens.de\/index.php?rest_route=\/wp\/v2\/types\/post"}],"author":[{"embeddable":true,"href":"http:\/\/875jahrekirchgoens.de\/index.php?rest_route=\/wp\/v2\/users\/1"}],"replies":[{"embeddable":true,"href":"http:\/\/875jahrekirchgoens.de\/index.php?rest_route=%2Fwp%2Fv2%2Fcomments&post=13765"}],"version-history":[{"count":1,"href":"http:\/\/875jahrekirchgoens.de\/index.php?rest_route=\/wp\/v2\/posts\/13765\/revisions"}],"predecessor-version":[{"id":13767,"href":"http:\/\/875jahrekirchgoens.de\/index.php?rest_route=\/wp\/v2\/posts\/13765\/revisions\/13767"}],"wp:attachment":[{"href":"http:\/\/875jahrekirchgoens.de\/index.php?rest_route=%2Fwp%2Fv2%2Fmedia&parent=13765"}],"wp:term":[{"taxonomy":"category","embeddable":true,"href":"http:\/\/875jahrekirchgoens.de\/index.php?rest_route=%2Fwp%2Fv2%2Fcategories&post=13765"},{"taxonomy":"post_tag","embeddable":true,"href":"http:\/\/875jahrekirchgoens.de\/index.php?rest_route=%2Fwp%2Fv2%2Ftags&post=13765"}],"curies":[{"name":"wp","href":"https:\/\/api.w.org\/{rel}","templated":true}]}}