{"id":13768,"date":"2023-11-29T16:39:44","date_gmt":"2023-11-29T16:39:44","guid":{"rendered":"http:\/\/875jahrekirchgoens.de\/?p=13768"},"modified":"2023-11-30T19:28:50","modified_gmt":"2023-11-30T19:28:50","slug":"nikolausfeier-der-turnvereine-kirch-pohl-goens","status":"publish","type":"post","link":"http:\/\/875jahrekirchgoens.de\/?p=13768","title":{"rendered":"Nikolausfeier der Turnvereine Kirch-\/Pohl-G\u00f6ns"},"content":{"rendered":"\n<p>(Mz.) Am vergangenen Freitagnachmittag konnten die Turnvereine Kirch- und Pohl-G\u00f6ns, nach langer Corona-Pause, endlich wieder eine Kinder-Nikolausfeier in der Sporthalle der G\u00f6nser Grundschule durchf\u00fchren.<\/p>\n\n\n\n<p>Viele Eltern, Geschwister, Omas und Opas wurden von den Vorsitzenden J\u00fcrgen Ratz (TV P-G) und Thorsten Metz (TV K-G) begr\u00fc\u00dft und erfreuten sich an den Darbietungen in der eineinhalbst\u00fcndigen Veranstaltung. Geschickt moderierte der erste Vorsitzende des TV Pohl-G\u00f6ns, J\u00fcrgen Ratz, durch das Programm.<\/p>\n\n\n\n<p>Unter dem Motto \u201eZirkus\u201c zeigten am Sp\u00e4tnachmittag die Kinder der Abteilung \u201eEltern-Kind-Turnen\u201c ihr K\u00f6nnen. Unter der Leitung von \u00dcbungsleiter Dennis Markwarth zeigten die kleinen Turner\/innen Ihre Geschicklichkeit mit der Bezwingung eines Ger\u00e4teparcours. Danach folgten die AkroKids (\u00dcbungsleiterin Finja Ratz) mit einer tollen Vorf\u00fchrung.<\/p>\n\n\n\n<p>Mit dem Auftritt der vier- bis sechsj\u00e4hrigen (\u00dcbungsleiterin Katharina Hankel und Nina M\u00fcller) pr\u00e4sentierten sich diese mit einem sch\u00f6nen Weihnachtstanz.<\/p>\n\n\n\n<p>Die Sportakrobatikgruppe unter der Leitung von Martina Volk und Lara Koglin zeigten akrobatische Darbietungen. Die Powerkids von Bianca Drullmann gl\u00e4nzten mit einer Tanzauff\u00fchrung und viel Applaus folgte von der Trib\u00fcne.<\/p>\n\n\n\n<p>Die Judoabteilung (Leitung Volker Auer) \u00fcberzeugte mit gekonnten Handgriffen und der ein oder andere landete auf der Matte.<\/p>\n\n\n\n<p>Leuchtende Augen gab es zum Abschluss bei den Kleinsten der Kleinen, als der Nikolaus erschien und nach einem Weihnachtslied konnten alle TV-Kids dankend Geschenke entgegennehmen.<\/p>\n\n\n\n<p>Nach Abschluss der Veranstaltung bedankte sich Ratz bei den \u00dcbungsleitern und allen Kuchenspendern.<\/p>\n\n\n\n<p>Bilder. TV Kirch-G\u00f6ns vom 24. November 2023<\/p>\n\n\n\n<figure class=\"wp-block-image size-full\"><img loading=\"lazy\" decoding=\"async\" width=\"306\" height=\"391\" src=\"http:\/\/875jahrekirchgoens.de\/wp-content\/uploads\/2023\/11\/TSV-Bild1.jpg\" alt=\"\" class=\"wp-image-13770\" srcset=\"http:\/\/875jahrekirchgoens.de\/wp-content\/uploads\/2023\/11\/TSV-Bild1.jpg 306w, http:\/\/875jahrekirchgoens.de\/wp-content\/uploads\/2023\/11\/TSV-Bild1-235x300.jpg 235w\" sizes=\"auto, (max-width: 306px) 100vw, 306px\" \/><figcaption class=\"wp-element-caption\">Die Kleinsten der Kleinen beim Ger\u00e4te-Parcours (Eltern-\/Kind-Turnen)<\/figcaption><\/figure>\n\n\n\n<figure class=\"wp-block-image size-full\"><img loading=\"lazy\" decoding=\"async\" width=\"605\" height=\"394\" src=\"http:\/\/875jahrekirchgoens.de\/wp-content\/uploads\/2023\/11\/TSV-Bild2.jpg\" alt=\"\" class=\"wp-image-13771\" srcset=\"http:\/\/875jahrekirchgoens.de\/wp-content\/uploads\/2023\/11\/TSV-Bild2.jpg 605w, http:\/\/875jahrekirchgoens.de\/wp-content\/uploads\/2023\/11\/TSV-Bild2-300x195.jpg 300w\" sizes=\"auto, (max-width: 605px) 100vw, 605px\" \/><figcaption class=\"wp-element-caption\">Die Judosportler im Einsatz<\/figcaption><\/figure>\n\n\n\n<figure class=\"wp-block-image size-full\"><img loading=\"lazy\" decoding=\"async\" width=\"436\" height=\"315\" src=\"http:\/\/875jahrekirchgoens.de\/wp-content\/uploads\/2023\/11\/TSV-Bild7.jpg\" alt=\"\" class=\"wp-image-13772\" srcset=\"http:\/\/875jahrekirchgoens.de\/wp-content\/uploads\/2023\/11\/TSV-Bild7.jpg 436w, http:\/\/875jahrekirchgoens.de\/wp-content\/uploads\/2023\/11\/TSV-Bild7-300x217.jpg 300w\" sizes=\"auto, (max-width: 436px) 100vw, 436px\" \/><figcaption class=\"wp-element-caption\">Die Powerkids nach ihrem tollen Auftritt. <\/figcaption><\/figure>\n\n\n\n<figure class=\"wp-block-image size-full\"><img loading=\"lazy\" decoding=\"async\" width=\"532\" height=\"317\" src=\"http:\/\/875jahrekirchgoens.de\/wp-content\/uploads\/2023\/11\/TSV-Bild4.jpg\" alt=\"\" class=\"wp-image-13769\" srcset=\"http:\/\/875jahrekirchgoens.de\/wp-content\/uploads\/2023\/11\/TSV-Bild4.jpg 532w, http:\/\/875jahrekirchgoens.de\/wp-content\/uploads\/2023\/11\/TSV-Bild4-300x179.jpg 300w\" sizes=\"auto, (max-width: 532px) 100vw, 532px\" \/><figcaption class=\"wp-element-caption\">Die Sportakrobatinnen nach ihrer Darbietung. <\/figcaption><\/figure>\n","protected":false},"excerpt":{"rendered":"<p>(Mz.) Am vergangenen Freitagnachmittag konnten die Turnvereine Kirch- und Pohl-G\u00f6ns, nach langer Corona-Pause, endlich wieder eine Kinder-Nikolausfeier in der Sporthalle der G\u00f6nser Grundschule durchf\u00fchren. Viele Eltern, Geschwister, Omas und Opas wurden von den Vorsitzenden J\u00fcrgen Ratz (TV P-G) und Thorsten Metz (TV K-G) begr\u00fc\u00dft und erfreuten sich an den Darbietungen in der eineinhalbst\u00fcndigen Veranstaltung. Geschickt &#8230; <a title=\"Nikolausfeier der Turnvereine Kirch-\/Pohl-G\u00f6ns\" class=\"read-more\" href=\"http:\/\/875jahrekirchgoens.de\/?p=13768\" aria-label=\"Mehr Informationen \u00fcber Nikolausfeier der Turnvereine Kirch-\/Pohl-G\u00f6ns\">Weiterlesen<\/a><\/p>\n","protected":false},"author":1,"featured_media":0,"comment_status":"closed","ping_status":"open","sticky":false,"template":"","format":"standard","meta":{"footnotes":""},"categories":[1],"tags":[],"class_list":["post-13768","post","type-post","status-publish","format-standard","hentry","category-infos"],"_links":{"self":[{"href":"http:\/\/875jahrekirchgoens.de\/index.php?rest_route=\/wp\/v2\/posts\/13768","targetHints":{"allow":["GET"]}}],"collection":[{"href":"http:\/\/875jahrekirchgoens.de\/index.php?rest_route=\/wp\/v2\/posts"}],"about":[{"href":"http:\/\/875jahrekirchgoens.de\/index.php?rest_route=\/wp\/v2\/types\/post"}],"author":[{"embeddable":true,"href":"http:\/\/875jahrekirchgoens.de\/index.php?rest_route=\/wp\/v2\/users\/1"}],"replies":[{"embeddable":true,"href":"http:\/\/875jahrekirchgoens.de\/index.php?rest_route=%2Fwp%2Fv2%2Fcomments&post=13768"}],"version-history":[{"count":1,"href":"http:\/\/875jahrekirchgoens.de\/index.php?rest_route=\/wp\/v2\/posts\/13768\/revisions"}],"predecessor-version":[{"id":13773,"href":"http:\/\/875jahrekirchgoens.de\/index.php?rest_route=\/wp\/v2\/posts\/13768\/revisions\/13773"}],"wp:attachment":[{"href":"http:\/\/875jahrekirchgoens.de\/index.php?rest_route=%2Fwp%2Fv2%2Fmedia&parent=13768"}],"wp:term":[{"taxonomy":"category","embeddable":true,"href":"http:\/\/875jahrekirchgoens.de\/index.php?rest_route=%2Fwp%2Fv2%2Fcategories&post=13768"},{"taxonomy":"post_tag","embeddable":true,"href":"http:\/\/875jahrekirchgoens.de\/index.php?rest_route=%2Fwp%2Fv2%2Ftags&post=13768"}],"curies":[{"name":"wp","href":"https:\/\/api.w.org\/{rel}","templated":true}]}}