{"id":13801,"date":"2023-10-19T14:30:23","date_gmt":"2023-10-19T14:30:23","guid":{"rendered":"http:\/\/875jahrekirchgoens.de\/?p=13801"},"modified":"2023-11-30T19:28:29","modified_gmt":"2023-11-30T19:28:29","slug":"875-jahre-kirch-goens","status":"publish","type":"post","link":"http:\/\/875jahrekirchgoens.de\/?p=13801","title":{"rendered":"875 Jahre Kirch-G\u00f6ns &#8211; der Auftakt"},"content":{"rendered":"\n<p><em>Auftaktveranstaltung an der Linde<\/em><\/p>\n\n\n\n<p>Kirch-G\u00f6ns (Mz). Unter dem Motto \u201eEin Dorf f\u00fcr alle\u201c konnte am vergangenen Samstagnachmittag der Werbe- und Bauausschuss der Interessengemeinschaft Kirch-G\u00f6ns an den Ortsbeiratsvorsitzenden Stefan Euler und IG-Vorsitzenden, Michael Tiedemann, das Jubil\u00e4umsshirt zur 875-Jahr-Feier von Kirch-G\u00f6ns bei herrlichem Sonnenschein \u00fcberreichen.<\/p>\n\n\n\n<p>Die Festlichkeiten zum Bestehen des Dorfes finden im Jahre 2025 statt. Im Fr\u00fchjahr hatte sich bereits der Ausschuss f\u00fcr die Akademische Feier und der Werbeausschuss konstituiert. Im Dorfmittelpunkt wurde neben den symbolischen Zahlen an Euler und Tiedemann die Shirts zum Startschuss f\u00fcr die anstehenden Vorbereitungen \u00fcbergeben.<\/p>\n\n\n\n<p>Bei einem kleinen Umtrunk bedankte sich der Werbeausschuss mit einem T-Shirt bei Andr\u00e9 F. Cannon f\u00fcr die Bereitstellung des Motives auf dem T-Shirt (Backhaus und Kirche). Michael Ronde und Mario Wilhelm vom Bauausschuss erhielten f\u00fcr die Herstellung der Jubil\u00e4umszahlen &#8211; aus nachhaltigen Produkten (Stroh) &#8211; ebenfalls ein Pr\u00e4sent.<\/p>\n\n\n\n<p>In naher Zukunft wird mit einer Webseite auf die Veranstaltungen im Jahre 2024 und 2025 hingewiesen. Als Veranstaltungstermin f\u00fcr die akademische Feier wurde der 22. M\u00e4rz 2025 und das Festwochenende vom 29. bis 31. August 2025 terminiert.<\/p>\n\n\n\n<figure class=\"wp-block-gallery has-nested-images columns-default is-cropped wp-block-gallery-1 is-layout-flex wp-block-gallery-is-layout-flex\">\n<figure class=\"wp-block-image size-large\"><img loading=\"lazy\" decoding=\"async\" width=\"966\" height=\"1024\" data-id=\"13804\" src=\"http:\/\/875jahrekirchgoens.de\/wp-content\/uploads\/2023\/11\/2023_09_02_Auftakt-875-Jahre-Kirch-Goens-53-966x1024.jpg\" alt=\"\" class=\"wp-image-13804\" srcset=\"http:\/\/875jahrekirchgoens.de\/wp-content\/uploads\/2023\/11\/2023_09_02_Auftakt-875-Jahre-Kirch-Goens-53-966x1024.jpg 966w, http:\/\/875jahrekirchgoens.de\/wp-content\/uploads\/2023\/11\/2023_09_02_Auftakt-875-Jahre-Kirch-Goens-53-283x300.jpg 283w, http:\/\/875jahrekirchgoens.de\/wp-content\/uploads\/2023\/11\/2023_09_02_Auftakt-875-Jahre-Kirch-Goens-53-768x814.jpg 768w, http:\/\/875jahrekirchgoens.de\/wp-content\/uploads\/2023\/11\/2023_09_02_Auftakt-875-Jahre-Kirch-Goens-53-1449x1536.jpg 1449w, http:\/\/875jahrekirchgoens.de\/wp-content\/uploads\/2023\/11\/2023_09_02_Auftakt-875-Jahre-Kirch-Goens-53-1932x2048.jpg 1932w\" sizes=\"auto, (max-width: 966px) 100vw, 966px\" \/><\/figure>\n\n\n\n<figure class=\"wp-block-image size-large\"><img loading=\"lazy\" decoding=\"async\" width=\"1024\" height=\"576\" data-id=\"13803\" src=\"http:\/\/875jahrekirchgoens.de\/wp-content\/uploads\/2023\/11\/2023_09_02_Auftakt-875-Jahre-Kirch-Goens-48-1024x576.jpg\" alt=\"\" class=\"wp-image-13803\" srcset=\"http:\/\/875jahrekirchgoens.de\/wp-content\/uploads\/2023\/11\/2023_09_02_Auftakt-875-Jahre-Kirch-Goens-48-1024x576.jpg 1024w, http:\/\/875jahrekirchgoens.de\/wp-content\/uploads\/2023\/11\/2023_09_02_Auftakt-875-Jahre-Kirch-Goens-48-300x169.jpg 300w, http:\/\/875jahrekirchgoens.de\/wp-content\/uploads\/2023\/11\/2023_09_02_Auftakt-875-Jahre-Kirch-Goens-48-768x432.jpg 768w, http:\/\/875jahrekirchgoens.de\/wp-content\/uploads\/2023\/11\/2023_09_02_Auftakt-875-Jahre-Kirch-Goens-48-1536x864.jpg 1536w, http:\/\/875jahrekirchgoens.de\/wp-content\/uploads\/2023\/11\/2023_09_02_Auftakt-875-Jahre-Kirch-Goens-48-2048x1152.jpg 2048w\" sizes=\"auto, (max-width: 1024px) 100vw, 1024px\" \/><\/figure>\n\n\n\n<figure class=\"wp-block-image size-large\"><img loading=\"lazy\" decoding=\"async\" width=\"1024\" height=\"576\" data-id=\"13802\" src=\"http:\/\/875jahrekirchgoens.de\/wp-content\/uploads\/2023\/11\/2023_09_02_Auftakt-875-Jahre-Kirch-Goens-26-1024x576.jpg\" alt=\"\" class=\"wp-image-13802\" srcset=\"http:\/\/875jahrekirchgoens.de\/wp-content\/uploads\/2023\/11\/2023_09_02_Auftakt-875-Jahre-Kirch-Goens-26-1024x576.jpg 1024w, http:\/\/875jahrekirchgoens.de\/wp-content\/uploads\/2023\/11\/2023_09_02_Auftakt-875-Jahre-Kirch-Goens-26-300x169.jpg 300w, http:\/\/875jahrekirchgoens.de\/wp-content\/uploads\/2023\/11\/2023_09_02_Auftakt-875-Jahre-Kirch-Goens-26-768x432.jpg 768w, http:\/\/875jahrekirchgoens.de\/wp-content\/uploads\/2023\/11\/2023_09_02_Auftakt-875-Jahre-Kirch-Goens-26-1536x864.jpg 1536w, http:\/\/875jahrekirchgoens.de\/wp-content\/uploads\/2023\/11\/2023_09_02_Auftakt-875-Jahre-Kirch-Goens-26-2048x1152.jpg 2048w\" sizes=\"auto, (max-width: 1024px) 100vw, 1024px\" \/><\/figure>\n<\/figure>\n","protected":false},"excerpt":{"rendered":"<p>Auftaktveranstaltung an der Linde Kirch-G\u00f6ns (Mz). Unter dem Motto \u201eEin Dorf f\u00fcr alle\u201c konnte am vergangenen Samstagnachmittag der Werbe- und Bauausschuss der Interessengemeinschaft Kirch-G\u00f6ns an den Ortsbeiratsvorsitzenden Stefan Euler und IG-Vorsitzenden, Michael Tiedemann, das Jubil\u00e4umsshirt zur 875-Jahr-Feier von Kirch-G\u00f6ns bei herrlichem Sonnenschein \u00fcberreichen. Die Festlichkeiten zum Bestehen des Dorfes finden im Jahre 2025 statt. Im &#8230; <a title=\"875 Jahre Kirch-G\u00f6ns &#8211; der Auftakt\" class=\"read-more\" href=\"http:\/\/875jahrekirchgoens.de\/?p=13801\" aria-label=\"Mehr Informationen \u00fcber 875 Jahre Kirch-G\u00f6ns &#8211; der Auftakt\">Weiterlesen<\/a><\/p>\n","protected":false},"author":1,"featured_media":0,"comment_status":"closed","ping_status":"open","sticky":false,"template":"","format":"standard","meta":{"footnotes":""},"categories":[1],"tags":[],"class_list":["post-13801","post","type-post","status-publish","format-standard","hentry","category-infos"],"_links":{"self":[{"href":"http:\/\/875jahrekirchgoens.de\/index.php?rest_route=\/wp\/v2\/posts\/13801","targetHints":{"allow":["GET"]}}],"collection":[{"href":"http:\/\/875jahrekirchgoens.de\/index.php?rest_route=\/wp\/v2\/posts"}],"about":[{"href":"http:\/\/875jahrekirchgoens.de\/index.php?rest_route=\/wp\/v2\/types\/post"}],"author":[{"embeddable":true,"href":"http:\/\/875jahrekirchgoens.de\/index.php?rest_route=\/wp\/v2\/users\/1"}],"replies":[{"embeddable":true,"href":"http:\/\/875jahrekirchgoens.de\/index.php?rest_route=%2Fwp%2Fv2%2Fcomments&post=13801"}],"version-history":[{"count":2,"href":"http:\/\/875jahrekirchgoens.de\/index.php?rest_route=\/wp\/v2\/posts\/13801\/revisions"}],"predecessor-version":[{"id":13806,"href":"http:\/\/875jahrekirchgoens.de\/index.php?rest_route=\/wp\/v2\/posts\/13801\/revisions\/13806"}],"wp:attachment":[{"href":"http:\/\/875jahrekirchgoens.de\/index.php?rest_route=%2Fwp%2Fv2%2Fmedia&parent=13801"}],"wp:term":[{"taxonomy":"category","embeddable":true,"href":"http:\/\/875jahrekirchgoens.de\/index.php?rest_route=%2Fwp%2Fv2%2Fcategories&post=13801"},{"taxonomy":"post_tag","embeddable":true,"href":"http:\/\/875jahrekirchgoens.de\/index.php?rest_route=%2Fwp%2Fv2%2Ftags&post=13801"}],"curies":[{"name":"wp","href":"https:\/\/api.w.org\/{rel}","templated":true}]}}