{"id":13811,"date":"2023-09-10T16:10:08","date_gmt":"2023-09-10T16:10:08","guid":{"rendered":"http:\/\/875jahrekirchgoens.de\/?p=13811"},"modified":"2023-11-30T19:19:25","modified_gmt":"2023-11-30T19:19:25","slug":"wenn-der-vater-mit-dem-sohne","status":"publish","type":"post","link":"http:\/\/875jahrekirchgoens.de\/?p=13811","title":{"rendered":"Wenn der Vater mit dem Sohne \u2026"},"content":{"rendered":"\n<p>(Mz) Am vergangenen Sonntagnachmittag waren Vater und Sohn f\u00fcr Ihren Ortsteil Kirch-G\u00f6ns \u201eon Tour\u201c. Im Rahmen der 1250-Jahrfeier der Stadt Butzbach nahmen Oliver und Maxi Heinz f\u00fcr den Ortsteil Kirch-G\u00f6ns unter dem Motto \u201eEin Dorf f\u00fcr alle\u201c am Festumzug teil. Maxi (l.) war stolzer Schildtr\u00e4ger f\u00fcr seinen Wohnort Kirch-G\u00f6ns. Im eigens, mit dem Kirch-G\u00f6nser Wappen, ausgestatteten T-Shirt wurde von dem j\u00fcngsten Kirch-G\u00f6nser Teilnehmer, bei herrlichem Sonnenschein, die Laufstrecke absolviert. Als Dankesch\u00f6n wurde Maxi vom Werbeausschuss der Interessengemeinschaft Kirch-G\u00f6ns ein Buchgutschein \u00fcbergeben.<\/p>\n\n\n\n<figure class=\"wp-block-image size-large\"><img loading=\"lazy\" decoding=\"async\" width=\"768\" height=\"1024\" src=\"http:\/\/875jahrekirchgoens.de\/wp-content\/uploads\/2023\/11\/2023_09_10_Maxi-Heinz-Schildtraeger-768x1024.jpg\" alt=\"\" class=\"wp-image-13812\" srcset=\"http:\/\/875jahrekirchgoens.de\/wp-content\/uploads\/2023\/11\/2023_09_10_Maxi-Heinz-Schildtraeger-768x1024.jpg 768w, http:\/\/875jahrekirchgoens.de\/wp-content\/uploads\/2023\/11\/2023_09_10_Maxi-Heinz-Schildtraeger-225x300.jpg 225w, http:\/\/875jahrekirchgoens.de\/wp-content\/uploads\/2023\/11\/2023_09_10_Maxi-Heinz-Schildtraeger-1152x1536.jpg 1152w, http:\/\/875jahrekirchgoens.de\/wp-content\/uploads\/2023\/11\/2023_09_10_Maxi-Heinz-Schildtraeger-rotated.jpg 1512w\" sizes=\"auto, (max-width: 768px) 100vw, 768px\" \/><\/figure>\n\n\n\n<p><\/p>\n","protected":false},"excerpt":{"rendered":"<p>(Mz) Am vergangenen Sonntagnachmittag waren Vater und Sohn f\u00fcr Ihren Ortsteil Kirch-G\u00f6ns \u201eon Tour\u201c. Im Rahmen der 1250-Jahrfeier der Stadt Butzbach nahmen Oliver und Maxi Heinz f\u00fcr den Ortsteil Kirch-G\u00f6ns unter dem Motto \u201eEin Dorf f\u00fcr alle\u201c am Festumzug teil. Maxi (l.) war stolzer Schildtr\u00e4ger f\u00fcr seinen Wohnort Kirch-G\u00f6ns. Im eigens, mit dem Kirch-G\u00f6nser Wappen, &#8230; <a title=\"Wenn der Vater mit dem Sohne \u2026\" class=\"read-more\" href=\"http:\/\/875jahrekirchgoens.de\/?p=13811\" aria-label=\"Mehr Informationen \u00fcber Wenn der Vater mit dem Sohne \u2026\">Weiterlesen<\/a><\/p>\n","protected":false},"author":1,"featured_media":0,"comment_status":"closed","ping_status":"open","sticky":false,"template":"","format":"standard","meta":{"footnotes":""},"categories":[1],"tags":[],"class_list":["post-13811","post","type-post","status-publish","format-standard","hentry","category-infos"],"_links":{"self":[{"href":"http:\/\/875jahrekirchgoens.de\/index.php?rest_route=\/wp\/v2\/posts\/13811","targetHints":{"allow":["GET"]}}],"collection":[{"href":"http:\/\/875jahrekirchgoens.de\/index.php?rest_route=\/wp\/v2\/posts"}],"about":[{"href":"http:\/\/875jahrekirchgoens.de\/index.php?rest_route=\/wp\/v2\/types\/post"}],"author":[{"embeddable":true,"href":"http:\/\/875jahrekirchgoens.de\/index.php?rest_route=\/wp\/v2\/users\/1"}],"replies":[{"embeddable":true,"href":"http:\/\/875jahrekirchgoens.de\/index.php?rest_route=%2Fwp%2Fv2%2Fcomments&post=13811"}],"version-history":[{"count":1,"href":"http:\/\/875jahrekirchgoens.de\/index.php?rest_route=\/wp\/v2\/posts\/13811\/revisions"}],"predecessor-version":[{"id":13813,"href":"http:\/\/875jahrekirchgoens.de\/index.php?rest_route=\/wp\/v2\/posts\/13811\/revisions\/13813"}],"wp:attachment":[{"href":"http:\/\/875jahrekirchgoens.de\/index.php?rest_route=%2Fwp%2Fv2%2Fmedia&parent=13811"}],"wp:term":[{"taxonomy":"category","embeddable":true,"href":"http:\/\/875jahrekirchgoens.de\/index.php?rest_route=%2Fwp%2Fv2%2Fcategories&post=13811"},{"taxonomy":"post_tag","embeddable":true,"href":"http:\/\/875jahrekirchgoens.de\/index.php?rest_route=%2Fwp%2Fv2%2Ftags&post=13811"}],"curies":[{"name":"wp","href":"https:\/\/api.w.org\/{rel}","templated":true}]}}