{"id":13837,"date":"2000-06-26T16:50:01","date_gmt":"2000-06-26T16:50:01","guid":{"rendered":"http:\/\/875jahrekirchgoens.de\/?p=13837"},"modified":"2023-11-30T19:24:09","modified_gmt":"2023-11-30T19:24:09","slug":"publikumsmagnet-tage-der-offenen-hoefe","status":"publish","type":"post","link":"http:\/\/875jahrekirchgoens.de\/?p=13837","title":{"rendered":"Publikumsmagnet: Tage der offenen H\u00f6fe"},"content":{"rendered":"\n<p><em>Mehrere Tausend Besucher kamen am Wochenende nach Kirch-G\u00f6ns<\/em><\/p>\n\n\n\n<p>Die Kirch-G\u00f6nser Tage der offenen H\u00f6fe waren ein Publikumsmagnet. Mehrere tausend Besucher lie\u00dfen sich auch von der k\u00fchlen und regnerischen Witterung nicht davon abhalten, Kirch-G\u00f6ns zu besuchen. Und sie bekamen viel zu sehen.<\/p>\n\n\n\n<p>Am Samstag er\u00f6ffnete G\u00fcnter Weber, der Vorsitzende des Kulturausschusses, auf der zentralen B\u00fchne mitten im Ort p\u00fcnktlich um 14.00 Uhr die Tage der offenen H\u00f6fe. Er erinnerte an die 800-Jahr-Feier im Jahre 1950, das gr\u00f6\u00dfte Fest nach dem Kriege in Kirch-G\u00f6ns. Mit der diesj\u00e4hrigen 850-Jahr-Feier wollte man an das damalige Fest ankn\u00fcpfen.<\/p>\n\n\n\n<p>Weber dankte allen, die ihre H\u00f6fe zur Verf\u00fcgung gestellt haben, sowie allen Anwohnern und Helfern, die zum Gelingen der Veranstaltung ihren Beitrag leisteten. Ein besonderer Dank Webers galt der Stadt Butzbach f\u00fcr Ihre Unterst\u00fctzung der Veranstaltungen.<\/p>\n\n\n\n<p>F\u00fcr den urlaubenden B\u00fcrgermeister Oswin Veith \u00fcberbrachte Erster Stadtrat Werner Steinhofer die Gr\u00fc\u00df der st\u00e4dtischen Gremien und w\u00fcnschte den Besuchern einige unterhaltsame Stunden.<\/p>\n\n\n\n<p>Und sch\u00f6ne Stunden konnten die Besucher erleben. \u00dcber vierzig H\u00f6he im alten Kirch-G\u00f6nser Ortskern hatten ihre Tore, die sonst geschlossen sind, ge\u00f6ffnet. In den H\u00f6fen zeigten etliche Handwerker ihre Kunst: Schuster, Besenbinder, B\u00fcrstenmacher, Wagner, Schreiner, Stellmacher, Schmied, Polsterer und andere. Bei allen konnte man zuschauen, wie Gebrauchsgegenst\u00e4nde fr\u00fcher in m\u00fchevoller Handarbeit entstanden sind. In vielen H\u00f6fen waren alte landwirtschaftliche Ger\u00e4tschaften und Maschinen ausgestellt. In einer Hofreite lockte eine Dreschmaschine die Besucher an.<\/p>\n\n\n\n<p>Sobald ein alter Lanz-Bulldog mit seinem unverwechselbarem \u201eSound\u201c einen Dreschvorgang ank\u00fcndigte, f\u00fcllte sich der Hof mit Besuchern, die hautnah erleben konnten, wie mit der vom Traktor angetriebenen Dreschmaschine Getreide gedroschen wurde. In dem einen Hof fand eine Holzs\u00e4ge- und Spaltmaschine ihrer Zuschauer, in einem anderen wurden \u00c4pfel gekeltert.<\/p>\n\n\n\n<p>Neben den vielen Handwerkern und landwirtschaftlichen Maschinen gab es auch mehrere Sonderausstellungen. Hier reichte die Bandbreite von arch\u00e4ologischen Funden \u00fcber altes Spielzeug und Porzellan bis hin zu historischen Wintersportger\u00e4tschaften. Auch alte Getreidepflanzen aus dem Genpool der Uni Gie\u00dfen konnten besichtigt werden. Gro\u00dfen Zuspruch fand die vom Heimat- und Backhausverein ausgerichtete Ausstellung \u00fcber die H\u00fcttenberger Tracht. Hier wurden interessierten Besuchern von Elke Besler fachkundig die Bedeutung der einzelnen Teile erl\u00e4utert.<\/p>\n\n\n\n<p>Auf der zentralen Veranstaltungsb\u00fchne zeigte die Trachtengruppe Biebertal mehrere T\u00e4nze in Kirmestracht, die anschlie\u00dfend von Inge Thies dem Publikum erkl\u00e4rt wurde. Erstmals konnte man in Kirch-G\u00f6ns am Samstag an einer F\u00fchrung durch die Dorfkirche teilnehmen. In der Kirche waren sakrale Gegenst\u00e4nde aus der Kirch-G\u00f6nser Kirchengeschichte ausgestellt. Die F\u00fchrung \u00fcbernahm Dr. Dieter Wolf, Leiter des Butzbacher Museums.<\/p>\n\n\n\n<p>Kirch-G\u00f6ns ist einer der \u00e4ltesten Orte der G\u00f6nser Mark und hatte im Fr\u00fchmittelalter wohl zuerst eine Kirche, daher auch der Name. Wahrscheinlich war es auch lange Zeit die einzige Kirche, die fr\u00fcher eine zentrale Bedeutung im Leben der Menschen hatte. Bei den Kirch-G\u00f6nser Tagen der offenen H\u00f6fe war auch an Kinder gedacht worden.<\/p>\n\n\n\n<p>Mehrer Streichelzoos erfreuten die kleinen Besucher, die besonders in der Pfeifergasse anzutreffen waren. Dort hatte die Landeskirchliche Gemeinschaft einen gro\u00dfen Spiele-Parcours aufgebaut, der die Kinder magisch anzog. Insbesondere die Geschicklichkeitsspiele fanden gro\u00dfen Anklang.<\/p>\n\n\n\n<p>Den fand auch der Backhauskuchen, der in der Hofreite von \u201eHesse\u201c angeboten wurde. \u00dcberhaupt waren die H\u00f6fe, in den Vereine alte oberhessische Gerichte anboten, der Renner. G\u00e4hle Schnirre, Schalet und Gewachdes fanden ebenso rei\u00dfenden Absatz wie andere Spezialit\u00e4ten.<\/p>\n\n\n\n<p>F\u00fcr die musikalische Unterhaltung der Besucher sorgten verschieden Gruppen. Das Pohl-G\u00f6nser Spielleute-Orchester trat auf der zentralen B\u00fchne auf, ebenso der Kirch-G\u00f6nser Musikzug. Das Schweizer Jodeldoppelquartett aus Escherwyss bei Z\u00fcrich begeisterte die Zuh\u00f6rer mit seinen Liedvortr\u00e4gen und vor allem durch das Alphornblasen. Die Schweizer gingen nach ihrem Vortrag auf der B\u00fchne in die einzelnen H\u00f6fe und gaben dort Kostproben ihres K\u00f6nnens. Am Sonntag spielten die Lahntaler Musikanten zu einem z\u00fcnftigen Fr\u00fchschoppen auf.<\/p>\n\n\n\n<p>Quelle und Bild: Butzbacher Zeitung vom 26. Juni 2000<\/p>\n\n\n\n<figure class=\"wp-block-gallery has-nested-images columns-default is-cropped wp-block-gallery-1 is-layout-flex wp-block-gallery-is-layout-flex\">\n<figure class=\"wp-block-image size-large\"><img loading=\"lazy\" decoding=\"async\" width=\"260\" height=\"187\" data-id=\"13836\" src=\"http:\/\/875jahrekirchgoens.de\/wp-content\/uploads\/2023\/11\/hoefeBild6.jpg\" alt=\"\" class=\"wp-image-13836\"\/><\/figure>\n\n\n\n<figure class=\"wp-block-image size-large\"><img loading=\"lazy\" decoding=\"async\" width=\"254\" height=\"181\" data-id=\"13834\" src=\"http:\/\/875jahrekirchgoens.de\/wp-content\/uploads\/2023\/11\/hoefe-Bild5.jpg\" alt=\"\" class=\"wp-image-13834\"\/><\/figure>\n\n\n\n<figure class=\"wp-block-image size-large\"><img loading=\"lazy\" decoding=\"async\" width=\"249\" height=\"174\" data-id=\"13832\" src=\"http:\/\/875jahrekirchgoens.de\/wp-content\/uploads\/2023\/11\/hoefe-Bild3.jpg\" alt=\"\" class=\"wp-image-13832\"\/><\/figure>\n\n\n\n<figure class=\"wp-block-image size-large\"><img loading=\"lazy\" decoding=\"async\" width=\"248\" height=\"175\" data-id=\"13833\" src=\"http:\/\/875jahrekirchgoens.de\/wp-content\/uploads\/2023\/11\/hoefe-Bild4.jpg\" alt=\"\" class=\"wp-image-13833\"\/><\/figure>\n\n\n\n<figure class=\"wp-block-image size-large\"><img loading=\"lazy\" decoding=\"async\" width=\"249\" height=\"176\" data-id=\"13830\" src=\"http:\/\/875jahrekirchgoens.de\/wp-content\/uploads\/2023\/11\/hoefe-Bild1.jpg\" alt=\"\" class=\"wp-image-13830\"\/><\/figure>\n\n\n\n<figure class=\"wp-block-image size-large\"><img loading=\"lazy\" decoding=\"async\" width=\"246\" height=\"173\" data-id=\"13831\" src=\"http:\/\/875jahrekirchgoens.de\/wp-content\/uploads\/2023\/11\/hoefe-Bild2.jpg\" alt=\"\" class=\"wp-image-13831\"\/><\/figure>\n<\/figure>\n\n\n\n<figure class=\"wp-block-image size-full\"><img loading=\"lazy\" decoding=\"async\" width=\"256\" height=\"183\" src=\"http:\/\/875jahrekirchgoens.de\/wp-content\/uploads\/2023\/11\/hoefeBild7.jpg\" alt=\"\" class=\"wp-image-13829\"\/><figcaption class=\"wp-element-caption\">Auch Bilddokumente aus fr\u00fcherer Zeit waren zu sehen.<\/figcaption><\/figure>\n\n\n\n<figure class=\"wp-block-image size-full\"><img loading=\"lazy\" decoding=\"async\" width=\"247\" height=\"179\" src=\"http:\/\/875jahrekirchgoens.de\/wp-content\/uploads\/2023\/11\/hoefe-Bild8.jpg\" alt=\"\" class=\"wp-image-13835\"\/><figcaption class=\"wp-element-caption\">Das Arbeiten an einer Sitzbank wurde ebenfalls demonstriert. <\/figcaption><\/figure>\n","protected":false},"excerpt":{"rendered":"<p>Mehrere Tausend Besucher kamen am Wochenende nach Kirch-G\u00f6ns Die Kirch-G\u00f6nser Tage der offenen H\u00f6fe waren ein Publikumsmagnet. Mehrere tausend Besucher lie\u00dfen sich auch von der k\u00fchlen und regnerischen Witterung nicht davon abhalten, Kirch-G\u00f6ns zu besuchen. Und sie bekamen viel zu sehen. Am Samstag er\u00f6ffnete G\u00fcnter Weber, der Vorsitzende des Kulturausschusses, auf der zentralen B\u00fchne mitten &#8230; <a title=\"Publikumsmagnet: Tage der offenen H\u00f6fe\" class=\"read-more\" href=\"http:\/\/875jahrekirchgoens.de\/?p=13837\" aria-label=\"Mehr Informationen \u00fcber Publikumsmagnet: Tage der offenen H\u00f6fe\">Weiterlesen<\/a><\/p>\n","protected":false},"author":1,"featured_media":0,"comment_status":"closed","ping_status":"open","sticky":false,"template":"","format":"standard","meta":{"footnotes":""},"categories":[1],"tags":[],"class_list":["post-13837","post","type-post","status-publish","format-standard","hentry","category-infos"],"_links":{"self":[{"href":"http:\/\/875jahrekirchgoens.de\/index.php?rest_route=\/wp\/v2\/posts\/13837","targetHints":{"allow":["GET"]}}],"collection":[{"href":"http:\/\/875jahrekirchgoens.de\/index.php?rest_route=\/wp\/v2\/posts"}],"about":[{"href":"http:\/\/875jahrekirchgoens.de\/index.php?rest_route=\/wp\/v2\/types\/post"}],"author":[{"embeddable":true,"href":"http:\/\/875jahrekirchgoens.de\/index.php?rest_route=\/wp\/v2\/users\/1"}],"replies":[{"embeddable":true,"href":"http:\/\/875jahrekirchgoens.de\/index.php?rest_route=%2Fwp%2Fv2%2Fcomments&post=13837"}],"version-history":[{"count":1,"href":"http:\/\/875jahrekirchgoens.de\/index.php?rest_route=\/wp\/v2\/posts\/13837\/revisions"}],"predecessor-version":[{"id":13838,"href":"http:\/\/875jahrekirchgoens.de\/index.php?rest_route=\/wp\/v2\/posts\/13837\/revisions\/13838"}],"wp:attachment":[{"href":"http:\/\/875jahrekirchgoens.de\/index.php?rest_route=%2Fwp%2Fv2%2Fmedia&parent=13837"}],"wp:term":[{"taxonomy":"category","embeddable":true,"href":"http:\/\/875jahrekirchgoens.de\/index.php?rest_route=%2Fwp%2Fv2%2Fcategories&post=13837"},{"taxonomy":"post_tag","embeddable":true,"href":"http:\/\/875jahrekirchgoens.de\/index.php?rest_route=%2Fwp%2Fv2%2Ftags&post=13837"}],"curies":[{"name":"wp","href":"https:\/\/api.w.org\/{rel}","templated":true}]}}