{"id":13839,"date":"2000-07-10T16:56:38","date_gmt":"2000-07-10T16:56:38","guid":{"rendered":"http:\/\/875jahrekirchgoens.de\/?p=13839"},"modified":"2023-11-30T19:18:10","modified_gmt":"2023-11-30T19:18:10","slug":"kirch-goenser-festzug-war-eine-wahre-augenweide","status":"publish","type":"post","link":"http:\/\/875jahrekirchgoens.de\/?p=13839","title":{"rendered":"Kirch-G\u00f6nser Festzug war eine wahre Augenweide"},"content":{"rendered":"\n<p>Viel f\u00fcr Augen und Ohren bot der Kirch-G\u00f6nser Festzug anl\u00e4sslich der 850-Jahrfeier. Neununddrei\u00dfig Zugnummern mit Gruppen, Musikz\u00fcgen und Motivwagen aus Nah und Fern erfreuten die zahlreichen Zuschauer am Stra\u00dfenrand.<\/p>\n\n\n\n<p>Ohne Festumzug h\u00e4tte etwas an diesem Jubil\u00e4um des Dorfes gefehlt. Daher planten die Kirch-G\u00f6nser zur 850-Jahrfeier selbstverst\u00e4ndlich einen Festzug ein. Aus den umliegenden Ortschaften sowie Kirch-G\u00f6ns selbst waren die verschiedensten Vereine und Gruppierungen sofort bereit, beim Umzug mitzumachen.<\/p>\n\n\n\n<p>Und so bekamen die Zuschauer beim Kirch-G\u00f6nser Festzug viel zu sehen und zu h\u00f6ren. Angef\u00fchrt wurde der Umzug mit der Kutsche von Hans Bletz mit Schirmherr B\u00fcrgermeister Oswin Veith mit Frau und Tochter. Dahinter dann in bunter Reihenfolge kleine und gro\u00dfe Gruppen sowie Motivwagen von Vereinen.<\/p>\n\n\n\n<p>Auf den Festwagen unter anderem mit dabei die Kinderg\u00e4rten von Kirch- und Pohl-G\u00f6ns ebenso wie die Freiwillige Feuerwehr aus Rosche mit allen Feuerl\u00f6schger\u00e4ten, Besonders erfreut waren die Zuschauer \u00fcber das Kuhgespann von Kurt Eckhard und Karl Wilhelm sowie die Hunde der Sch\u00e4ferfamilie Binzer und des Sch\u00e4ferhundevereins Kirch-\/Pohl-G\u00f6ns.<\/p>\n\n\n\n<p>Aufgelockert wurde der Festumzug durch die Musikz\u00fcge aus Holzheim und Gr\u00e4venwiesbach, den Fanfarenzug Philippseck, das Spielleute-Orchester Pohl-G\u00f6ns und den Musikverein Hoch-Weisel, die nach dem Umzug im Festzelt alle vor begeisterten Publikum B\u00fchnespiele absolvierten. Bei Kaffee und Kuchen lie\u00dfen es sich die Kirch-G\u00f6nser und ihre G\u00e4ste im Festzelt gut gehen.<\/p>\n\n\n\n<p>Abends spielte die Wicking-Band zum Tanz auf. Die Gruppen \u201eMen in Black\u201c sowie \u201eKirch-Gieser Loveboys\u201c und die Pohl-G\u00f6nser Fastnachtsgarde hatten ebenso umjubeltet Auftritte wie das Langg\u00f6nser Gesangsduett.<\/p>\n\n\n\n<p>Text und Bilder: Butzbacher Zeitung 10.07.2000<\/p>\n\n\n\n<figure class=\"wp-block-gallery has-nested-images columns-default is-cropped wp-block-gallery-1 is-layout-flex wp-block-gallery-is-layout-flex\">\n<figure class=\"wp-block-image size-large\"><img loading=\"lazy\" decoding=\"async\" width=\"514\" height=\"317\" data-id=\"13847\" src=\"http:\/\/875jahrekirchgoens.de\/wp-content\/uploads\/2023\/11\/Festzug-Bild3.jpg\" alt=\"\" class=\"wp-image-13847\" srcset=\"http:\/\/875jahrekirchgoens.de\/wp-content\/uploads\/2023\/11\/Festzug-Bild3.jpg 514w, http:\/\/875jahrekirchgoens.de\/wp-content\/uploads\/2023\/11\/Festzug-Bild3-300x185.jpg 300w\" sizes=\"auto, (max-width: 514px) 100vw, 514px\" \/><\/figure>\n\n\n\n<figure class=\"wp-block-image size-large\"><img loading=\"lazy\" decoding=\"async\" width=\"482\" height=\"309\" data-id=\"13846\" src=\"http:\/\/875jahrekirchgoens.de\/wp-content\/uploads\/2023\/11\/Festzug-Bild2.jpg\" alt=\"\" class=\"wp-image-13846\" srcset=\"http:\/\/875jahrekirchgoens.de\/wp-content\/uploads\/2023\/11\/Festzug-Bild2.jpg 482w, http:\/\/875jahrekirchgoens.de\/wp-content\/uploads\/2023\/11\/Festzug-Bild2-300x192.jpg 300w\" sizes=\"auto, (max-width: 482px) 100vw, 482px\" \/><\/figure>\n\n\n\n<figure class=\"wp-block-image size-large\"><img loading=\"lazy\" decoding=\"async\" width=\"769\" height=\"493\" data-id=\"13845\" src=\"http:\/\/875jahrekirchgoens.de\/wp-content\/uploads\/2023\/11\/Festzug-Bild1.jpg\" alt=\"\" class=\"wp-image-13845\" srcset=\"http:\/\/875jahrekirchgoens.de\/wp-content\/uploads\/2023\/11\/Festzug-Bild1.jpg 769w, http:\/\/875jahrekirchgoens.de\/wp-content\/uploads\/2023\/11\/Festzug-Bild1-300x192.jpg 300w\" sizes=\"auto, (max-width: 769px) 100vw, 769px\" \/><figcaption class=\"wp-element-caption\">Der Schirmherr des Kirch-G\u00f6nser Festes, Butzbach B\u00fcrgermeister Oswin Veith, hatte zusammen mit seiner Familie f\u00fcr den Festzug in einer Kutsche Platz genommen.<\/figcaption><\/figure>\n\n\n\n<figure class=\"wp-block-image size-large\"><img loading=\"lazy\" decoding=\"async\" width=\"1024\" height=\"708\" data-id=\"13843\" src=\"http:\/\/875jahrekirchgoens.de\/wp-content\/uploads\/2023\/11\/2000-07-10.07.2000-Bild-Umzug-4-1024x708.jpg\" alt=\"\" class=\"wp-image-13843\" srcset=\"http:\/\/875jahrekirchgoens.de\/wp-content\/uploads\/2023\/11\/2000-07-10.07.2000-Bild-Umzug-4-1024x708.jpg 1024w, http:\/\/875jahrekirchgoens.de\/wp-content\/uploads\/2023\/11\/2000-07-10.07.2000-Bild-Umzug-4-300x207.jpg 300w, http:\/\/875jahrekirchgoens.de\/wp-content\/uploads\/2023\/11\/2000-07-10.07.2000-Bild-Umzug-4-768x531.jpg 768w, http:\/\/875jahrekirchgoens.de\/wp-content\/uploads\/2023\/11\/2000-07-10.07.2000-Bild-Umzug-4-1536x1062.jpg 1536w, http:\/\/875jahrekirchgoens.de\/wp-content\/uploads\/2023\/11\/2000-07-10.07.2000-Bild-Umzug-4.jpg 1652w\" sizes=\"auto, (max-width: 1024px) 100vw, 1024px\" \/><\/figure>\n\n\n\n<figure class=\"wp-block-image size-large\"><img loading=\"lazy\" decoding=\"async\" width=\"1024\" height=\"722\" data-id=\"13842\" src=\"http:\/\/875jahrekirchgoens.de\/wp-content\/uploads\/2023\/11\/2000-07-10.07.2000-Bild-Umzug-3-1024x722.jpg\" alt=\"\" class=\"wp-image-13842\" srcset=\"http:\/\/875jahrekirchgoens.de\/wp-content\/uploads\/2023\/11\/2000-07-10.07.2000-Bild-Umzug-3-1024x722.jpg 1024w, http:\/\/875jahrekirchgoens.de\/wp-content\/uploads\/2023\/11\/2000-07-10.07.2000-Bild-Umzug-3-300x212.jpg 300w, http:\/\/875jahrekirchgoens.de\/wp-content\/uploads\/2023\/11\/2000-07-10.07.2000-Bild-Umzug-3-768x542.jpg 768w, http:\/\/875jahrekirchgoens.de\/wp-content\/uploads\/2023\/11\/2000-07-10.07.2000-Bild-Umzug-3-1536x1083.jpg 1536w, http:\/\/875jahrekirchgoens.de\/wp-content\/uploads\/2023\/11\/2000-07-10.07.2000-Bild-Umzug-3.jpg 1625w\" sizes=\"auto, (max-width: 1024px) 100vw, 1024px\" \/><\/figure>\n\n\n\n<figure class=\"wp-block-image size-large\"><img loading=\"lazy\" decoding=\"async\" width=\"1024\" height=\"717\" data-id=\"13840\" src=\"http:\/\/875jahrekirchgoens.de\/wp-content\/uploads\/2023\/11\/2000-07-10.07.2000-Bild-Umzug-1-1024x717.jpg\" alt=\"\" class=\"wp-image-13840\" srcset=\"http:\/\/875jahrekirchgoens.de\/wp-content\/uploads\/2023\/11\/2000-07-10.07.2000-Bild-Umzug-1-1024x717.jpg 1024w, http:\/\/875jahrekirchgoens.de\/wp-content\/uploads\/2023\/11\/2000-07-10.07.2000-Bild-Umzug-1-300x210.jpg 300w, http:\/\/875jahrekirchgoens.de\/wp-content\/uploads\/2023\/11\/2000-07-10.07.2000-Bild-Umzug-1-768x538.jpg 768w, http:\/\/875jahrekirchgoens.de\/wp-content\/uploads\/2023\/11\/2000-07-10.07.2000-Bild-Umzug-1-1536x1076.jpg 1536w, http:\/\/875jahrekirchgoens.de\/wp-content\/uploads\/2023\/11\/2000-07-10.07.2000-Bild-Umzug-1.jpg 1613w\" sizes=\"auto, (max-width: 1024px) 100vw, 1024px\" \/><\/figure>\n<\/figure>\n","protected":false},"excerpt":{"rendered":"<p>Viel f\u00fcr Augen und Ohren bot der Kirch-G\u00f6nser Festzug anl\u00e4sslich der 850-Jahrfeier. Neununddrei\u00dfig Zugnummern mit Gruppen, Musikz\u00fcgen und Motivwagen aus Nah und Fern erfreuten die zahlreichen Zuschauer am Stra\u00dfenrand. Ohne Festumzug h\u00e4tte etwas an diesem Jubil\u00e4um des Dorfes gefehlt. Daher planten die Kirch-G\u00f6nser zur 850-Jahrfeier selbstverst\u00e4ndlich einen Festzug ein. Aus den umliegenden Ortschaften sowie Kirch-G\u00f6ns &#8230; <a title=\"Kirch-G\u00f6nser Festzug war eine wahre Augenweide\" class=\"read-more\" href=\"http:\/\/875jahrekirchgoens.de\/?p=13839\" aria-label=\"Mehr Informationen \u00fcber Kirch-G\u00f6nser Festzug war eine wahre Augenweide\">Weiterlesen<\/a><\/p>\n","protected":false},"author":1,"featured_media":0,"comment_status":"closed","ping_status":"open","sticky":false,"template":"","format":"standard","meta":{"footnotes":""},"categories":[1],"tags":[],"class_list":["post-13839","post","type-post","status-publish","format-standard","hentry","category-infos"],"_links":{"self":[{"href":"http:\/\/875jahrekirchgoens.de\/index.php?rest_route=\/wp\/v2\/posts\/13839","targetHints":{"allow":["GET"]}}],"collection":[{"href":"http:\/\/875jahrekirchgoens.de\/index.php?rest_route=\/wp\/v2\/posts"}],"about":[{"href":"http:\/\/875jahrekirchgoens.de\/index.php?rest_route=\/wp\/v2\/types\/post"}],"author":[{"embeddable":true,"href":"http:\/\/875jahrekirchgoens.de\/index.php?rest_route=\/wp\/v2\/users\/1"}],"replies":[{"embeddable":true,"href":"http:\/\/875jahrekirchgoens.de\/index.php?rest_route=%2Fwp%2Fv2%2Fcomments&post=13839"}],"version-history":[{"count":1,"href":"http:\/\/875jahrekirchgoens.de\/index.php?rest_route=\/wp\/v2\/posts\/13839\/revisions"}],"predecessor-version":[{"id":13849,"href":"http:\/\/875jahrekirchgoens.de\/index.php?rest_route=\/wp\/v2\/posts\/13839\/revisions\/13849"}],"wp:attachment":[{"href":"http:\/\/875jahrekirchgoens.de\/index.php?rest_route=%2Fwp%2Fv2%2Fmedia&parent=13839"}],"wp:term":[{"taxonomy":"category","embeddable":true,"href":"http:\/\/875jahrekirchgoens.de\/index.php?rest_route=%2Fwp%2Fv2%2Fcategories&post=13839"},{"taxonomy":"post_tag","embeddable":true,"href":"http:\/\/875jahrekirchgoens.de\/index.php?rest_route=%2Fwp%2Fv2%2Ftags&post=13839"}],"curies":[{"name":"wp","href":"https:\/\/api.w.org\/{rel}","templated":true}]}}