{"id":13851,"date":"2000-07-10T16:59:56","date_gmt":"2000-07-10T16:59:56","guid":{"rendered":"http:\/\/875jahrekirchgoens.de\/?p=13851"},"modified":"2023-11-30T19:22:59","modified_gmt":"2023-11-30T19:22:59","slug":"in-kirch-goens-ging-die-post-ab","status":"publish","type":"post","link":"http:\/\/875jahrekirchgoens.de\/?p=13851","title":{"rendered":"In Kirch-G\u00f6ns ging die Post ab"},"content":{"rendered":"\n<p><strong><em>Bei den Trenkwaldern standen die Konzertbesucher bald auf den B\u00e4nken<\/em><\/strong><\/p>\n\n\n\n<p>Im Kirch-G\u00f6nser Festzelt ging am Freitag und Samstag die Post ab. Am Freitagabend sorgte das Farmyard DJ-Team f\u00fcr eine super Disco, samstags brachten die \u201eNixnutze\u201c und die \u201eTrenkwalder\u201c die Besucher in tolle Stimmung.<\/p>\n\n\n\n<p>Am Freitag trotzen die vielen Besucher der Disco-Veranstaltung dem schlechten Wetter und lie\u00dfen sich auch vom Dauerregen nicht von ihrer guten Laune abbringen. Mit den neuesten Disco-Hits brachte das Farmyard DJ-Team die Besucher in Schwung. Zwei gemeinsame Auftritte der Gruppe \u201eMen in Black\u201c und \u201eKirchgieser Love-Boys\u201c wurden mit begeistertem Applaus belohnt. Bis tief in die Nacht hinein hatten die Disco-Fans Spa\u00df an der Musik.<\/p>\n\n\n\n<p>Samstags begann das Festzelt sich ab 17.00 Uhr zu f\u00fcllen, stand doch ein Konzert der \u201eTrenkwalder\u201c, dem so genannten Urknall aus Tirol, an. Die Kirch-G\u00f6nser hatten keine Kosten und M\u00fchen gescheut, um ihren Besuchern etwas ganz Besonderes bieten zu k\u00f6nnen. Ab 18.00 Uhr heizten \u201eDie Nixnutze\u201c den Besuchern m\u00e4chtig ein. Sie brachten das Festzelt schon zum Kochen. Mit stehendem Applaus wurden die beiden Musiker aus Steinfurth\/Bad Nauheim vom Publikum verabschiedet. Leider werden sie zumindest in dieser Zusammensetzung nicht mehr auftreten. Und dann kam der Kn\u00fcller des Abends, die \u201eTrenkwalder\u201c.<\/p>\n\n\n\n<p>Die Musiker aus Tirol zogen eine tolle Show ab. Angek\u00fcndigt als Interpreten moderner Volksmusik f\u00fcr Jung und Alt hatte der Auftritt wenig gemein mit den diversen, teilweise sterilen, Fernsehsendungen, in denen Volksmusik in Hitparaden gezeigt wird. Eine Gruppe \u201elive\u201c auf der B\u00fchne zu erleben und dann noch in einem kleinen Festzelt, wo der Funke der Begeisterung von den Musikern schnell auf das Publikum \u00fcberspringt, ist halt etwas ganz anderes. Unterst\u00fctzt von sehenswerten Lichteffekten steigerten die Trenkwalder die Stimmung im Zelt von Lied zu Lied. Rockig, poppig, fetzig spielten die Tiroler Musiker eigene und auch andere Musikst\u00fccke. Immer wieder dazwischen Lieder, bei denen das Publikum zum Mitsingen aufgefordert wurde, so der erste Hit der Trenkwalder \u201eNull Problemo\u201c. Schon nach den ersten Musikst\u00fccken standen die Besucher auf den B\u00e4nken und klatschten bei den Liedern mit, brachten die Trenkwalder das Festzelt zum Kochen.<\/p>\n\n\n\n<p>Beim furiosen Finale stand das ganze Zelt Kopf. Mit mehreren Zugaben beendeten die Trenkwalder ihr Konzert, das jedem Beuscher sicher f\u00fcr immer in toller Erinnerung bleiben wird. Es h\u00e4tte noch stundenlang so weiter gehen k\u00f6nnen. Und dass die Trenkwalder mit ihrem Auftritt viele neue Fans gewonnen haben, zeigte sich anschlie\u00dfend bei der Autogrammstunde, zu der sich zahlreiche Besucher dr\u00e4ngelten. Noch lange nach dem Ende des Trenkwalder-Konzertes sa\u00dfen viele Kirch-G\u00f6nser mit ihren G\u00e4sten aus Nah und Fern im Festzelt in gem\u00fctlicher Runde beisammen und genossen im R\u00fcckblick den Abend.<\/p>\n\n\n\n<figure class=\"wp-block-image size-large\"><img loading=\"lazy\" decoding=\"async\" width=\"1024\" height=\"724\" src=\"http:\/\/875jahrekirchgoens.de\/wp-content\/uploads\/2023\/11\/2000-07-10.07.2000-Bild-Trenkwalder1-1024x724.jpg\" alt=\"\" class=\"wp-image-13852\" srcset=\"http:\/\/875jahrekirchgoens.de\/wp-content\/uploads\/2023\/11\/2000-07-10.07.2000-Bild-Trenkwalder1-1024x724.jpg 1024w, http:\/\/875jahrekirchgoens.de\/wp-content\/uploads\/2023\/11\/2000-07-10.07.2000-Bild-Trenkwalder1-300x212.jpg 300w, http:\/\/875jahrekirchgoens.de\/wp-content\/uploads\/2023\/11\/2000-07-10.07.2000-Bild-Trenkwalder1-768x543.jpg 768w, http:\/\/875jahrekirchgoens.de\/wp-content\/uploads\/2023\/11\/2000-07-10.07.2000-Bild-Trenkwalder1.jpg 1294w\" sizes=\"auto, (max-width: 1024px) 100vw, 1024px\" \/><figcaption class=\"wp-element-caption\">Ein tolles Konzert lieferten die \u201eTrenkwalder\u201c in Kirch-G\u00f6ns zur 850 Jahr-Feier ab. Autogrammj\u00e4ger best\u00fcrmten die Gruppe nach ihrem Auftritt.<\/figcaption><\/figure>\n","protected":false},"excerpt":{"rendered":"<p>Bei den Trenkwaldern standen die Konzertbesucher bald auf den B\u00e4nken Im Kirch-G\u00f6nser Festzelt ging am Freitag und Samstag die Post ab. Am Freitagabend sorgte das Farmyard DJ-Team f\u00fcr eine super Disco, samstags brachten die \u201eNixnutze\u201c und die \u201eTrenkwalder\u201c die Besucher in tolle Stimmung. Am Freitag trotzen die vielen Besucher der Disco-Veranstaltung dem schlechten Wetter und &#8230; <a title=\"In Kirch-G\u00f6ns ging die Post ab\" class=\"read-more\" href=\"http:\/\/875jahrekirchgoens.de\/?p=13851\" aria-label=\"Mehr Informationen \u00fcber In Kirch-G\u00f6ns ging die Post ab\">Weiterlesen<\/a><\/p>\n","protected":false},"author":1,"featured_media":0,"comment_status":"closed","ping_status":"open","sticky":false,"template":"","format":"standard","meta":{"footnotes":""},"categories":[1],"tags":[],"class_list":["post-13851","post","type-post","status-publish","format-standard","hentry","category-infos"],"_links":{"self":[{"href":"http:\/\/875jahrekirchgoens.de\/index.php?rest_route=\/wp\/v2\/posts\/13851","targetHints":{"allow":["GET"]}}],"collection":[{"href":"http:\/\/875jahrekirchgoens.de\/index.php?rest_route=\/wp\/v2\/posts"}],"about":[{"href":"http:\/\/875jahrekirchgoens.de\/index.php?rest_route=\/wp\/v2\/types\/post"}],"author":[{"embeddable":true,"href":"http:\/\/875jahrekirchgoens.de\/index.php?rest_route=\/wp\/v2\/users\/1"}],"replies":[{"embeddable":true,"href":"http:\/\/875jahrekirchgoens.de\/index.php?rest_route=%2Fwp%2Fv2%2Fcomments&post=13851"}],"version-history":[{"count":1,"href":"http:\/\/875jahrekirchgoens.de\/index.php?rest_route=\/wp\/v2\/posts\/13851\/revisions"}],"predecessor-version":[{"id":13853,"href":"http:\/\/875jahrekirchgoens.de\/index.php?rest_route=\/wp\/v2\/posts\/13851\/revisions\/13853"}],"wp:attachment":[{"href":"http:\/\/875jahrekirchgoens.de\/index.php?rest_route=%2Fwp%2Fv2%2Fmedia&parent=13851"}],"wp:term":[{"taxonomy":"category","embeddable":true,"href":"http:\/\/875jahrekirchgoens.de\/index.php?rest_route=%2Fwp%2Fv2%2Fcategories&post=13851"},{"taxonomy":"post_tag","embeddable":true,"href":"http:\/\/875jahrekirchgoens.de\/index.php?rest_route=%2Fwp%2Fv2%2Ftags&post=13851"}],"curies":[{"name":"wp","href":"https:\/\/api.w.org\/{rel}","templated":true}]}}