{"id":13937,"date":"2023-02-09T19:17:30","date_gmt":"2023-02-09T19:17:30","guid":{"rendered":"http:\/\/875jahrekirchgoens.de\/?p=13937"},"modified":"2023-12-05T19:20:37","modified_gmt":"2023-12-05T19:20:37","slug":"kappenabend-in-kirch-goens","status":"publish","type":"post","link":"http:\/\/875jahrekirchgoens.de\/?p=13937","title":{"rendered":"Kappenabend in Kirch-G\u00f6ns"},"content":{"rendered":"\n<p>Pr\u00e4chtige Stimmung herrschte in der bunt geschm\u00fcckten Sch\u00fctzenhalle am vergangenen Samstag in Kirch-G\u00f6ns. Nach der Begr\u00fc\u00dfung der Vorsitzenden Gunther M\u00fcller und Thorsten Metz vom Sch\u00fctzen- und Turnverein moderierte Rolf Hillefeld durch das kurzweilige Programm in der gut besuchten Lokalit\u00e4t.<\/p>\n\n\n\n<p>Nach zwei Auftritten von Hillefeld, wobei dieser \u00fcber das n\u00e4chtliche Ger\u00e4uschverhalten von Frau und Mann parodierte und im Anschluss daran noch in einem weiteren Auftritt das Verh\u00e4ltnis des Gehirns von beiden Geschlechtern zum Besten gab, waren etliche Lacher auf seiner Seite.<\/p>\n\n\n\n<p>Den ersten Tanz zeigten die Bierbauchhopser aus Bodenrod. Wer jetzt dachte, dass eine gestandene M\u00e4nnertanzgruppe ihr Bestes gab, war weit entfernt. Unter der Leitung von Gina Dei\u00df pr\u00e4sentierten sich junge Damen in futuristischen Kost\u00fcmen und brachten die Kirch-G\u00f6nser Narhalla ins Schwanken.<\/p>\n\n\n\n<p>Unter dem Motto \u201eErste Hoingkm\u00e4nner Verunsicherung\u201c gelang mit einem Potpourri eine gelungene Darbietung der Ebers\u00f6nser Tanzgruppe. In unterschiedlich gekleideten Kost\u00fcmen brachten die M\u00e4nner von Trainer Uwe Wehrstedt die Anwesenden in Feierlaune.<\/p>\n\n\n\n<p>Mit dem Einmarsch der Schobbedales aus Leihgestern \u2013 unter der Leitung von Simone Riedl \u2013 erhitzte sich die Atmosph\u00e4re. Die in schwarz-wei\u00dfen Ganzk\u00f6rperkost\u00fcmen gekleideten K\u00fcnstler, feuerten das Publikum mit rhythmischen Bewegungen an.<\/p>\n\n\n\n<p>Der letzte Showact geh\u00f6rte dem Lokalmatador aus Kirch-G\u00f6ns. Die Tanzgruppe Mibdance \u00fcberzeugte mit dem Thema \u201eMib goes Urlaub\u201c in ihrem Urlaubsoutfit mit Hawaiihemd und Sonnenbrille. Die Gruppe zeigte mit vielen Stimmungsliedern (u. a. Dicht im Flieger) ihren von Tina und Lara Ceh einstudierten Auftritt. Unter tosendem Applaus folgte von dem vierzehnk\u00f6pfigen Team eine Zugabe mit anschlie\u00dfender Polon\u00e4se.<\/p>\n\n\n\n<p>Die beste Kapp wurde an eine vierk\u00f6pfige Delegation aus Pohl-G\u00f6ns verliehen. Mit selbst gestalteten Kopfbedeckungen waren die Damen und Herren der Jury besonders ins Auge gefallen und mit einem Getr\u00e4nkekorb pr\u00e4miert. Unter der Leitung von DJ Felix konnten die Besucher noch bis in den fr\u00fchen Morgenstunden ausgiebig das Faschingstreiben ausklingen lassen.<\/p>\n\n\n\n<figure class=\"wp-block-gallery has-nested-images columns-default is-cropped wp-block-gallery-1 is-layout-flex wp-block-gallery-is-layout-flex\">\n<figure class=\"wp-block-image size-large\"><img loading=\"lazy\" decoding=\"async\" width=\"515\" height=\"334\" data-id=\"13936\" src=\"http:\/\/875jahrekirchgoens.de\/wp-content\/uploads\/2023\/12\/Kappe-Bild2.jpg\" alt=\"\" class=\"wp-image-13936\" srcset=\"http:\/\/875jahrekirchgoens.de\/wp-content\/uploads\/2023\/12\/Kappe-Bild2.jpg 515w, http:\/\/875jahrekirchgoens.de\/wp-content\/uploads\/2023\/12\/Kappe-Bild2-300x195.jpg 300w\" sizes=\"auto, (max-width: 515px) 100vw, 515px\" \/><figcaption class=\"wp-element-caption\">Die Schobbedales aus Leihgestern<\/figcaption><\/figure>\n\n\n\n<figure class=\"wp-block-image size-large\"><img loading=\"lazy\" decoding=\"async\" width=\"442\" height=\"346\" data-id=\"13935\" src=\"http:\/\/875jahrekirchgoens.de\/wp-content\/uploads\/2023\/12\/Kappe-Bild1.jpg\" alt=\"\" class=\"wp-image-13935\" srcset=\"http:\/\/875jahrekirchgoens.de\/wp-content\/uploads\/2023\/12\/Kappe-Bild1.jpg 442w, http:\/\/875jahrekirchgoens.de\/wp-content\/uploads\/2023\/12\/Kappe-Bild1-300x235.jpg 300w\" sizes=\"auto, (max-width: 442px) 100vw, 442px\" \/><figcaption class=\"wp-element-caption\">Die Bierbauchhopser aus Bodenrod mit Moderator Rolf Hillefeld. <\/figcaption><\/figure>\n\n\n\n<figure class=\"wp-block-image size-large\"><img loading=\"lazy\" decoding=\"async\" width=\"567\" height=\"302\" data-id=\"13934\" src=\"http:\/\/875jahrekirchgoens.de\/wp-content\/uploads\/2023\/12\/Kappe-Bild4.jpg\" alt=\"\" class=\"wp-image-13934\" srcset=\"http:\/\/875jahrekirchgoens.de\/wp-content\/uploads\/2023\/12\/Kappe-Bild4.jpg 567w, http:\/\/875jahrekirchgoens.de\/wp-content\/uploads\/2023\/12\/Kappe-Bild4-300x160.jpg 300w\" sizes=\"auto, (max-width: 567px) 100vw, 567px\" \/><figcaption class=\"wp-element-caption\">Mibdance aus Kirch-G\u00f6ns<\/figcaption><\/figure>\n\n\n\n<figure class=\"wp-block-image size-large\"><img loading=\"lazy\" decoding=\"async\" width=\"511\" height=\"333\" data-id=\"13933\" src=\"http:\/\/875jahrekirchgoens.de\/wp-content\/uploads\/2023\/12\/Kappe-Bild3.jpg\" alt=\"\" class=\"wp-image-13933\" srcset=\"http:\/\/875jahrekirchgoens.de\/wp-content\/uploads\/2023\/12\/Kappe-Bild3.jpg 511w, http:\/\/875jahrekirchgoens.de\/wp-content\/uploads\/2023\/12\/Kappe-Bild3-300x195.jpg 300w\" sizes=\"auto, (max-width: 511px) 100vw, 511px\" \/><figcaption class=\"wp-element-caption\">Die Hoingkm\u00e4nner aus Ebersg\u00f6ns <\/figcaption><\/figure>\n<\/figure>\n","protected":false},"excerpt":{"rendered":"<p>Pr\u00e4chtige Stimmung herrschte in der bunt geschm\u00fcckten Sch\u00fctzenhalle am vergangenen Samstag in Kirch-G\u00f6ns. Nach der Begr\u00fc\u00dfung der Vorsitzenden Gunther M\u00fcller und Thorsten Metz vom Sch\u00fctzen- und Turnverein moderierte Rolf Hillefeld durch das kurzweilige Programm in der gut besuchten Lokalit\u00e4t. Nach zwei Auftritten von Hillefeld, wobei dieser \u00fcber das n\u00e4chtliche Ger\u00e4uschverhalten von Frau und Mann parodierte &#8230; <a title=\"Kappenabend in Kirch-G\u00f6ns\" class=\"read-more\" href=\"http:\/\/875jahrekirchgoens.de\/?p=13937\" aria-label=\"Mehr Informationen \u00fcber Kappenabend in Kirch-G\u00f6ns\">Weiterlesen<\/a><\/p>\n","protected":false},"author":1,"featured_media":0,"comment_status":"closed","ping_status":"open","sticky":false,"template":"","format":"standard","meta":{"footnotes":""},"categories":[1],"tags":[],"class_list":["post-13937","post","type-post","status-publish","format-standard","hentry","category-infos"],"_links":{"self":[{"href":"http:\/\/875jahrekirchgoens.de\/index.php?rest_route=\/wp\/v2\/posts\/13937","targetHints":{"allow":["GET"]}}],"collection":[{"href":"http:\/\/875jahrekirchgoens.de\/index.php?rest_route=\/wp\/v2\/posts"}],"about":[{"href":"http:\/\/875jahrekirchgoens.de\/index.php?rest_route=\/wp\/v2\/types\/post"}],"author":[{"embeddable":true,"href":"http:\/\/875jahrekirchgoens.de\/index.php?rest_route=\/wp\/v2\/users\/1"}],"replies":[{"embeddable":true,"href":"http:\/\/875jahrekirchgoens.de\/index.php?rest_route=%2Fwp%2Fv2%2Fcomments&post=13937"}],"version-history":[{"count":1,"href":"http:\/\/875jahrekirchgoens.de\/index.php?rest_route=\/wp\/v2\/posts\/13937\/revisions"}],"predecessor-version":[{"id":13938,"href":"http:\/\/875jahrekirchgoens.de\/index.php?rest_route=\/wp\/v2\/posts\/13937\/revisions\/13938"}],"wp:attachment":[{"href":"http:\/\/875jahrekirchgoens.de\/index.php?rest_route=%2Fwp%2Fv2%2Fmedia&parent=13937"}],"wp:term":[{"taxonomy":"category","embeddable":true,"href":"http:\/\/875jahrekirchgoens.de\/index.php?rest_route=%2Fwp%2Fv2%2Fcategories&post=13937"},{"taxonomy":"post_tag","embeddable":true,"href":"http:\/\/875jahrekirchgoens.de\/index.php?rest_route=%2Fwp%2Fv2%2Ftags&post=13937"}],"curies":[{"name":"wp","href":"https:\/\/api.w.org\/{rel}","templated":true}]}}