{"id":13942,"date":"2023-05-04T19:26:47","date_gmt":"2023-05-04T19:26:47","guid":{"rendered":"http:\/\/875jahrekirchgoens.de\/?p=13942"},"modified":"2023-12-05T19:28:52","modified_gmt":"2023-12-05T19:28:52","slug":"1-mai-wurde-gefeiert","status":"publish","type":"post","link":"http:\/\/875jahrekirchgoens.de\/?p=13942","title":{"rendered":"1. Mai wurde gefeiert"},"content":{"rendered":"\n<p><strong>Viele Besucher kamen zur 1.-Mai-Feier des TV Vorw\u00e4rts 1891 Kirch-G\u00f6ns<\/strong><\/p>\n\n\n\n<p>Sehr gut besucht war die 1.-Mai-Feier des Turnvereins Vorw\u00e4rts 1891 Kirch-G\u00f6ns auf dem \u00f6rtlichen Sportplatzgel\u00e4nde.<\/p>\n\n\n\n<p>Bei sonnigem Wetter waren schon fr\u00fch alle Pl\u00e4tze besetzt und die Besucher aus nah und fern verlebten einige fr\u00f6hliche Stunden. Viele Wandergruppen und Radfahrer konnte der TV begr\u00fc\u00dfen. Die Kleinsten hatten gro\u00dfen Spa\u00df auf einer Rutschbahn und einer H\u00fcpfburg.<\/p>\n\n\n\n<p>Die G\u00e4ste lie\u00dfen sich neben den Grillspezialit\u00e4ten auch den Nachmittagskuchen schmecken. Neben Kinderschminken bot der Sch\u00fctzenverein Pohl-G\u00f6ns mit seiner Bogenschie\u00dfabteilung eine Probestunde mit Pfeil und Bogen an. Rege Teilnahme am traditionellen TV-Ratespiel fand statt. In diesem Jahr galt es hier die Anzahl von Schokon\u00fcssen in einem gro\u00dfen Glas zu erraten. Die genaue Zahl von 626 Schokon\u00fcssen sch\u00e4tzte Sabrina Becker mit 624 und gewann den Einkaufsgutschein. Den zweiten Platz erzielten mit 623 Schokon\u00fcssen Tobias Berninger sowie Kira Mohr und Laura Euler. Drittplatzierter wurden Tabea Mohr und Edgar Becker (620).<\/p>\n\n\n\n<p>Quelle und Bilder: Turnverein Vorw\u00e4rts 1891 Kirch-G\u00f6ns<\/p>\n\n\n\n<figure class=\"wp-block-gallery has-nested-images columns-default is-cropped wp-block-gallery-1 is-layout-flex wp-block-gallery-is-layout-flex\">\n<figure class=\"wp-block-image size-large\"><img loading=\"lazy\" decoding=\"async\" width=\"295\" height=\"221\" data-id=\"13941\" src=\"http:\/\/875jahrekirchgoens.de\/wp-content\/uploads\/2023\/12\/1-Mai-Bild1.jpg\" alt=\"\" class=\"wp-image-13941\"\/><figcaption class=\"wp-element-caption\">Zur Siegerehrung zum Gewinnspiel von links Tabea Mohr, Sabrina Becker, Tobias Berninger und TV-Vorsitzender Thorsten Metz. F\u00fcr das Engagement der vielen Helfer und Kuchenspender bedankt sich der TV recht herzlich. \n\n<\/figcaption><\/figure>\n\n\n\n<figure class=\"wp-block-image size-large\"><img loading=\"lazy\" decoding=\"async\" width=\"564\" height=\"423\" data-id=\"13940\" src=\"http:\/\/875jahrekirchgoens.de\/wp-content\/uploads\/2023\/12\/1-Mai-Bild2.jpg\" alt=\"\" class=\"wp-image-13940\" srcset=\"http:\/\/875jahrekirchgoens.de\/wp-content\/uploads\/2023\/12\/1-Mai-Bild2.jpg 564w, http:\/\/875jahrekirchgoens.de\/wp-content\/uploads\/2023\/12\/1-Mai-Bild2-300x225.jpg 300w\" sizes=\"auto, (max-width: 564px) 100vw, 564px\" \/><figcaption class=\"wp-element-caption\">Vollbesetzte R\u00e4nge an der 1.-Mai-Feier des TV Kirch-G\u00f6ns\n\n<\/figcaption><\/figure>\n<\/figure>\n","protected":false},"excerpt":{"rendered":"<p>Viele Besucher kamen zur 1.-Mai-Feier des TV Vorw\u00e4rts 1891 Kirch-G\u00f6ns Sehr gut besucht war die 1.-Mai-Feier des Turnvereins Vorw\u00e4rts 1891 Kirch-G\u00f6ns auf dem \u00f6rtlichen Sportplatzgel\u00e4nde. Bei sonnigem Wetter waren schon fr\u00fch alle Pl\u00e4tze besetzt und die Besucher aus nah und fern verlebten einige fr\u00f6hliche Stunden. Viele Wandergruppen und Radfahrer konnte der TV begr\u00fc\u00dfen. Die Kleinsten &#8230; <a title=\"1. Mai wurde gefeiert\" class=\"read-more\" href=\"http:\/\/875jahrekirchgoens.de\/?p=13942\" aria-label=\"Mehr Informationen \u00fcber 1. Mai wurde gefeiert\">Weiterlesen<\/a><\/p>\n","protected":false},"author":1,"featured_media":0,"comment_status":"closed","ping_status":"open","sticky":false,"template":"","format":"standard","meta":{"footnotes":""},"categories":[1],"tags":[],"class_list":["post-13942","post","type-post","status-publish","format-standard","hentry","category-infos"],"_links":{"self":[{"href":"http:\/\/875jahrekirchgoens.de\/index.php?rest_route=\/wp\/v2\/posts\/13942","targetHints":{"allow":["GET"]}}],"collection":[{"href":"http:\/\/875jahrekirchgoens.de\/index.php?rest_route=\/wp\/v2\/posts"}],"about":[{"href":"http:\/\/875jahrekirchgoens.de\/index.php?rest_route=\/wp\/v2\/types\/post"}],"author":[{"embeddable":true,"href":"http:\/\/875jahrekirchgoens.de\/index.php?rest_route=\/wp\/v2\/users\/1"}],"replies":[{"embeddable":true,"href":"http:\/\/875jahrekirchgoens.de\/index.php?rest_route=%2Fwp%2Fv2%2Fcomments&post=13942"}],"version-history":[{"count":1,"href":"http:\/\/875jahrekirchgoens.de\/index.php?rest_route=\/wp\/v2\/posts\/13942\/revisions"}],"predecessor-version":[{"id":13943,"href":"http:\/\/875jahrekirchgoens.de\/index.php?rest_route=\/wp\/v2\/posts\/13942\/revisions\/13943"}],"wp:attachment":[{"href":"http:\/\/875jahrekirchgoens.de\/index.php?rest_route=%2Fwp%2Fv2%2Fmedia&parent=13942"}],"wp:term":[{"taxonomy":"category","embeddable":true,"href":"http:\/\/875jahrekirchgoens.de\/index.php?rest_route=%2Fwp%2Fv2%2Fcategories&post=13942"},{"taxonomy":"post_tag","embeddable":true,"href":"http:\/\/875jahrekirchgoens.de\/index.php?rest_route=%2Fwp%2Fv2%2Ftags&post=13942"}],"curies":[{"name":"wp","href":"https:\/\/api.w.org\/{rel}","templated":true}]}}