{"id":13951,"date":"2023-12-05T19:49:30","date_gmt":"2023-12-05T19:49:30","guid":{"rendered":"http:\/\/875jahrekirchgoens.de\/?p=13951"},"modified":"2023-12-05T19:49:31","modified_gmt":"2023-12-05T19:49:31","slug":"chronik-ausschuss-sucht-material","status":"publish","type":"post","link":"http:\/\/875jahrekirchgoens.de\/?p=13951","title":{"rendered":"Chronik-Ausschuss sucht Material"},"content":{"rendered":"\n<p>Zur 875-Jahrfeier in 2025 sucht der Chronikausschuss der IG Kirch-G\u00f6ns Material aus den letzten 23 Jahren.<\/p>\n\n\n\n<p>In Anlehnung an die im Jahr 2000 erschienene Dorfchronik soll im anstehenden Jubil\u00e4umsjahr ein R\u00fcckblick auf den Zeitraum von 2000 bis 2025 pr\u00e4sentiert werden.<\/p>\n\n\n\n<p>Es wird keine gebundene Ausgabe des Herausgebers, der Interessengemeinschaft Kirch-G\u00f6ns geben, sondern lediglich eine PDF-Datei. Mit der Einsparung des Drucks will man neue Wege bez\u00fcglich der Nachhaltigkeit gehen. Gesucht wird Material und Bilder zu Kirch-G\u00f6nser Ereignissen (Neubauten, Feste, etc.).<\/p>\n\n\n\n<p>Die Dorfchronik zum 850j\u00e4hrigen Jubil\u00e4um, aus dem Jahre 2000, wird mit der Zustimmung der damaligen Autoren digitalisiert und kann in absehbarer Zeit unter <a href=\"http:\/\/www.875jahrekirchgoens.de\">www.875jahrekirchgoens.de<\/a> eingesehen werden.<\/p>\n\n\n\n<p>Wer gerne Beitr\u00e4ge und Bilder, gerne per E-Mail unter <a href=\"mailto:info@875jahrekirchgoens.de\">info@875jahrekirchgoens.de<\/a>, zur Verf\u00fcgung stellen m\u00f6chte, kann sich bei Thorsten Metz (06033-974878) oder bei jedem anderen Ausschussmitglied (Ilona Schlossarek, Ute M\u00f6ckel, Nils Henkel, Helmut Ceh) melden.<\/p>\n","protected":false},"excerpt":{"rendered":"<p>Zur 875-Jahrfeier in 2025 sucht der Chronikausschuss der IG Kirch-G\u00f6ns Material aus den letzten 23 Jahren. In Anlehnung an die im Jahr 2000 erschienene Dorfchronik soll im anstehenden Jubil\u00e4umsjahr ein R\u00fcckblick auf den Zeitraum von 2000 bis 2025 pr\u00e4sentiert werden. Es wird keine gebundene Ausgabe des Herausgebers, der Interessengemeinschaft Kirch-G\u00f6ns geben, sondern lediglich eine PDF-Datei. &#8230; <a title=\"Chronik-Ausschuss sucht Material\" class=\"read-more\" href=\"http:\/\/875jahrekirchgoens.de\/?p=13951\" aria-label=\"Mehr Informationen \u00fcber Chronik-Ausschuss sucht Material\">Weiterlesen<\/a><\/p>\n","protected":false},"author":1,"featured_media":0,"comment_status":"closed","ping_status":"open","sticky":false,"template":"","format":"standard","meta":{"footnotes":""},"categories":[1],"tags":[],"class_list":["post-13951","post","type-post","status-publish","format-standard","hentry","category-infos"],"_links":{"self":[{"href":"http:\/\/875jahrekirchgoens.de\/index.php?rest_route=\/wp\/v2\/posts\/13951","targetHints":{"allow":["GET"]}}],"collection":[{"href":"http:\/\/875jahrekirchgoens.de\/index.php?rest_route=\/wp\/v2\/posts"}],"about":[{"href":"http:\/\/875jahrekirchgoens.de\/index.php?rest_route=\/wp\/v2\/types\/post"}],"author":[{"embeddable":true,"href":"http:\/\/875jahrekirchgoens.de\/index.php?rest_route=\/wp\/v2\/users\/1"}],"replies":[{"embeddable":true,"href":"http:\/\/875jahrekirchgoens.de\/index.php?rest_route=%2Fwp%2Fv2%2Fcomments&post=13951"}],"version-history":[{"count":1,"href":"http:\/\/875jahrekirchgoens.de\/index.php?rest_route=\/wp\/v2\/posts\/13951\/revisions"}],"predecessor-version":[{"id":13952,"href":"http:\/\/875jahrekirchgoens.de\/index.php?rest_route=\/wp\/v2\/posts\/13951\/revisions\/13952"}],"wp:attachment":[{"href":"http:\/\/875jahrekirchgoens.de\/index.php?rest_route=%2Fwp%2Fv2%2Fmedia&parent=13951"}],"wp:term":[{"taxonomy":"category","embeddable":true,"href":"http:\/\/875jahrekirchgoens.de\/index.php?rest_route=%2Fwp%2Fv2%2Fcategories&post=13951"},{"taxonomy":"post_tag","embeddable":true,"href":"http:\/\/875jahrekirchgoens.de\/index.php?rest_route=%2Fwp%2Fv2%2Ftags&post=13951"}],"curies":[{"name":"wp","href":"https:\/\/api.w.org\/{rel}","templated":true}]}}