{"id":13957,"date":"2018-05-24T14:03:00","date_gmt":"2018-05-24T14:03:00","guid":{"rendered":"http:\/\/875jahrekirchgoens.de\/?p=13957"},"modified":"2023-12-10T14:07:33","modified_gmt":"2023-12-10T14:07:33","slug":"kirch-goenser-wehr-ausser-dienst","status":"publish","type":"post","link":"http:\/\/875jahrekirchgoens.de\/?p=13957","title":{"rendered":"Kirch-G\u00f6nser Wehr au\u00dfer Dienst"},"content":{"rendered":"\n<p><strong>NEUBAU \u2013 Brandsch\u00fctzer kritisieren \u201eVertr\u00f6sten\u201c beim Thema Neubau auf dem Kirchengrundst\u00fcck<\/strong><\/p>\n\n\n\n<p>\u201eAlle 26 Mitglieder der Einsatzabteilung der Feuerwehr Kirch-G\u00f6ns lassen ihren Dienst ruhen.\u201c Das sagte Wehrf\u00fchrer J\u00f6rg Winter gestern, nachdem 15 Aktive nach der Sitzung des Butzbacher Haupt- und Finanzausschusses am Dienstagabend ihre Meldeempf\u00e4nger an B\u00fcrgermeister Michael Merle zur\u00fcckgaben.<\/p>\n\n\n\n<p>Dieser \u00fcberreichte die Ger\u00e4te umgehend Stadtbrandinspektor Michael Tiedemann, der gestern den Brandschutz f\u00fcr die Stadt neu sortierte und dies schon mit dem Wetteraukreis abstimmte. Der Brandschutz ist laut Tiedemann gew\u00e4hrleistet, auch wenn der Ausfall der Kirch-G\u00f6nser Einsatzabteilung nicht vollst\u00e4ndig kompensiert werden k\u00f6nne.<\/p>\n\n\n\n<p>In der Ausschusssitzung war \u00fcber das weitere Vorgehen zur Errichtung eines neuen Feuerwehrger\u00e4tehauses auf einem Grundst\u00fcck der evangelischen Kirche im Butzbacher Stadtteil beraten worden. Die Beschlussvorlage hatte es schon deutlich gemacht: Rechtliche Pr\u00fcfungen stehen noch aus, sofern die Politik das Projekt weiterverfolgen will (die BZ berichtete). CDU-Fraktionsvorsitzender Stefan Euler hatte im Verlauf der Sitzung schon gesagt, dass die Empf\u00e4nger in den n\u00e4chsten Tagen abgegeben w\u00fcrden, sollte die Politik \u201enicht zu Potte\u201c kommen. Dies sei aber \u201ekeine Erpressung\u201c.<\/p>\n\n\n\n<p>Nach einem \u00d6lunfall in den 70er Jahren ist das Gel\u00e4nde nicht altlastenfrei, was eine Voraussetzung f\u00fcr den Ankauf durch die Stadt w\u00e4re. Das beschlossen die Parlamentarier Ende 2015. Dennoch wurde auf SPD-Anregung in den Beschluss des Haupt- und Finanzausschusses mit aufgenommen, dass die Stadt mit dem Eigent\u00fcmer \u00fcber einen Erb-pacht- oder auch Kaufvertrag verhandeln soll. Gr\u00fcne und UWG stimmten dagegen. Alternativ-Standorte suchen wollten die CDU-Vertreter nicht.<\/p>\n\n\n\n<p>Mehrheitlich abgelehnt wurde zuvor der UWG-Antrag, am Sportplatz das neue Kirch-G\u00f6nser Ger\u00e4tehaus zu bauen. Dies k\u00f6nnte aber noch langwieriger werden, da ein entsprechendes Bauleitverfahren begonnen werden m\u00fcsste. Au\u00dferdem wird die Landesf\u00f6rderung von 154&nbsp;000 Euro f\u00fcr den aktuell geplanten Neubau laut mehrerer Stimmen nicht einfach auf ein anderes Vorhaben zu \u00fcbertragen sein.<\/p>\n\n\n\n<p>\u201eWir kriegen die Altlasten nicht weg, aber laut Regierungspr\u00e4sidium ist das Grundst\u00fcck grunds\u00e4tzlich bebaubar\u201c, fasste B\u00fcrgermeister Michael Merle in der Sitzung zusammen. Belastetes Erdreich m\u00fcsse im Baufeld abgetragen werden. Die Kosten entst\u00fcnden der Stadt, von 40&nbsp;000 bis 50&nbsp;000 Euro ist die Rede. Da das Erdreich unterhalb der Grenzwerte die festgestellten Stoffe enthalte, entst\u00fcnden keine weiteren Nachteile. Diese Ergebnisse entstammen einer Rasteruntersuchung der Fl\u00e4che, f\u00fcr die sich Merle eingesetzt habe, wie er gestern sagte. Er unterstrich in der Ausschusssitzung, dass wegen der Altlasten im Boden dennoch ein Risiko bei der Stadt bleibe, auch wenn mit der Kirche eine Haftungsfreistellung vereinbart werden k\u00f6nnte. Er warnte davor, das Risiko zu \u201eprofanisieren\u201c. Es sei die Aufgabe des Magistrats, Schaden von der Stadt abzuwenden. Juristisch soll nun auch gepr\u00fcft werden, inwieweit B\u00fcrgermeister und Erster Stadtrat Manfred Sch\u00fctz ein Risiko eingehen, sollten sie einen Vertrag \u00fcber das Grundst\u00fcck unterzeichnen und haftbar sein. Die Formulierung, eine Verunreinigung des Grundwassers sei \u201enicht wahrscheinlich\u201c in der Gutachten-Bewertung des Regierungspr\u00e4sidiums werfe die Frage auf, was trotzdem noch nachkommen k\u00f6nnte, so Merle gestern.<\/p>\n\n\n\n<p>Vertragsentw\u00fcrfe mit der Kirche l\u00e4gen vor. Es m\u00fcsse eine verantwortbare Entscheidung getroffen werden. Stadtbrandinspektor Tiedemann hat Verst\u00e4ndnis daf\u00fcr, dass zun\u00e4chst rechtliche Fragen gekl\u00e4rt werden m\u00fcssten. \u00dcberhaupt sei in dem Thema, wenn auch langwierig, die \u201eDetailtiefe\u201c, mit der es bearbeitet werde, richtig. Klar sei aber auch, dass das derzeitige Feuerwehrhaus modernen Anforderungen nicht gerecht werde. 1990 sei er im Alter von zehn Jahren dort in die Feuerwehr eingetreten und Gefahren f\u00fcr die Aktiven h\u00e4tten bereits bestanden.<\/p>\n\n\n\n<p>Wehrf\u00fchrer Winter sagte gestern, die Feuerwehrleute h\u00e4tten keine andere M\u00f6glichkeit mehr gesehen, als den Dienst einzustellen, sie wollten sich nicht l\u00e4nger vertr\u00f6sten lassen und forderten, dass das Parlament \u201eN\u00e4gel mit K\u00f6pfen\u201c macht. Dass der Stadt ein Schaden entstehe, sehe er auf Basis der vorliegenden Daten nicht. Die Wehr wolle von der Stadtverordnetenversammlung eine Absichtserkl\u00e4rung, dass das Projekt nun \u201e\u00fcber die B\u00fchne geht\u201c.<\/p>\n\n\n\n<p>Der B\u00fcrgermeister kritisierte die Entscheidung der Kirch-G\u00f6nser Feuerwehrleute. Sie h\u00e4tten eine Verantwortung, derer sie sich nicht einfach entledigen k\u00f6nnten mit einer solchen \u201einszenierten Unmutsbezeugung\u201c. Dies habe zugleich eine \u201everheerende Au\u00dfenwirkung\u201c.<strong> <\/strong>Die Stadtverordnetenversammlung besch\u00e4ftigt sich heute Abend ab 20.00 Uhr im gro\u00dfen Saal des B\u00fcrgerhauses Butzbach mit dem Thema. Winter hat angek\u00fcndigt, ebenfalls dabei zu sein.<\/p>\n\n\n\n<p>Quelle: Butzbacher Zeitung vom 24. Mai 2018<\/p>\n","protected":false},"excerpt":{"rendered":"<p>NEUBAU \u2013 Brandsch\u00fctzer kritisieren \u201eVertr\u00f6sten\u201c beim Thema Neubau auf dem Kirchengrundst\u00fcck \u201eAlle 26 Mitglieder der Einsatzabteilung der Feuerwehr Kirch-G\u00f6ns lassen ihren Dienst ruhen.\u201c Das sagte Wehrf\u00fchrer J\u00f6rg Winter gestern, nachdem 15 Aktive nach der Sitzung des Butzbacher Haupt- und Finanzausschusses am Dienstagabend ihre Meldeempf\u00e4nger an B\u00fcrgermeister Michael Merle zur\u00fcckgaben. Dieser \u00fcberreichte die Ger\u00e4te umgehend Stadtbrandinspektor &#8230; <a title=\"Kirch-G\u00f6nser Wehr au\u00dfer Dienst\" class=\"read-more\" href=\"http:\/\/875jahrekirchgoens.de\/?p=13957\" aria-label=\"Mehr Informationen \u00fcber Kirch-G\u00f6nser Wehr au\u00dfer Dienst\">Weiterlesen<\/a><\/p>\n","protected":false},"author":1,"featured_media":0,"comment_status":"closed","ping_status":"open","sticky":false,"template":"","format":"standard","meta":{"footnotes":""},"categories":[1],"tags":[],"class_list":["post-13957","post","type-post","status-publish","format-standard","hentry","category-infos"],"_links":{"self":[{"href":"http:\/\/875jahrekirchgoens.de\/index.php?rest_route=\/wp\/v2\/posts\/13957","targetHints":{"allow":["GET"]}}],"collection":[{"href":"http:\/\/875jahrekirchgoens.de\/index.php?rest_route=\/wp\/v2\/posts"}],"about":[{"href":"http:\/\/875jahrekirchgoens.de\/index.php?rest_route=\/wp\/v2\/types\/post"}],"author":[{"embeddable":true,"href":"http:\/\/875jahrekirchgoens.de\/index.php?rest_route=\/wp\/v2\/users\/1"}],"replies":[{"embeddable":true,"href":"http:\/\/875jahrekirchgoens.de\/index.php?rest_route=%2Fwp%2Fv2%2Fcomments&post=13957"}],"version-history":[{"count":1,"href":"http:\/\/875jahrekirchgoens.de\/index.php?rest_route=\/wp\/v2\/posts\/13957\/revisions"}],"predecessor-version":[{"id":13958,"href":"http:\/\/875jahrekirchgoens.de\/index.php?rest_route=\/wp\/v2\/posts\/13957\/revisions\/13958"}],"wp:attachment":[{"href":"http:\/\/875jahrekirchgoens.de\/index.php?rest_route=%2Fwp%2Fv2%2Fmedia&parent=13957"}],"wp:term":[{"taxonomy":"category","embeddable":true,"href":"http:\/\/875jahrekirchgoens.de\/index.php?rest_route=%2Fwp%2Fv2%2Fcategories&post=13957"},{"taxonomy":"post_tag","embeddable":true,"href":"http:\/\/875jahrekirchgoens.de\/index.php?rest_route=%2Fwp%2Fv2%2Ftags&post=13957"}],"curies":[{"name":"wp","href":"https:\/\/api.w.org\/{rel}","templated":true}]}}