{"id":13968,"date":"2018-07-03T14:20:00","date_gmt":"2018-07-03T14:20:00","guid":{"rendered":"http:\/\/875jahrekirchgoens.de\/?p=13968"},"modified":"2023-12-10T14:21:53","modified_gmt":"2023-12-10T14:21:53","slug":"feuerwehr-kirch-goens-kehrt-in-aktiven-dienst-zurueck","status":"publish","type":"post","link":"http:\/\/875jahrekirchgoens.de\/?p=13968","title":{"rendered":"Feuerwehr Kirch-G\u00f6ns kehrt in aktiven Dienst zur\u00fcck"},"content":{"rendered":"\n<p><strong>Feuerwehrhaus \u2013 Meldeempf\u00e4nger aufgenommen \/ \u201eBau in Kirch-G\u00f6ns\u201c<\/strong><\/p>\n\n\n\n<p>Die Einsatzabteilung der Freiwilligen Feuerwehr Kirch-G\u00f6ns ist wieder im Dienst. Der Vorsitzende des Feuerwehrvereins, Markus Mohr, teilte mit, dass die Einsatzkr\u00e4fte \u201edie Melder wieder aufgenommen\u201c habe. \u201eDies gilt bis zu einer Entscheidung der Stadtverordnetenversammlung zum Bau des Feuerwehrger\u00e4tehauses in Kirch-G\u00f6ns in diesem Jahr\u201c, hei\u00dft es ausdr\u00fccklich im Schreiben.<\/p>\n\n\n\n<p>Zu dem Entschluss sei die Feuerwehr gekommen, weil sie damit ihrer Verantwortung gegen\u00fcber der Bev\u00f6lkerung gerecht werden wolle. \u201eDie Frauen und M\u00e4nner der Kirch-G\u00f6nser Feuerwehr hoffen, dass nun nach vielen und langen \u00dcberlegungen und Beratungen eine f\u00fcr die Kirch-G\u00f6nser Wehr und Bev\u00f6lkerung gute Entscheidung getroffen werden kann\u201c, teilt Mohr mit.<\/p>\n\n\n\n<p>Die Feuerwehr wolle mit der Wiederaufnahme des Dienstes auch der ge\u00e4u\u00dferten Auffassung, die Politik w\u00fcrde erpresst, entgegenwirken, \u201ewobei sich den Aktiven die Frage stellt, was ein Streik mit Erpressung zu tun hat\u201c. Das Streikrecht sei ein demokratisches Grundrecht, \u201edas auch den Politikern in Butzbach nicht fremd sein sollte\u201c, so Mohr.<\/p>\n\n\n\n<p>Quelle: Butzbacher Zeitung vom 3. Juli 2018<\/p>\n","protected":false},"excerpt":{"rendered":"<p>Feuerwehrhaus \u2013 Meldeempf\u00e4nger aufgenommen \/ \u201eBau in Kirch-G\u00f6ns\u201c Die Einsatzabteilung der Freiwilligen Feuerwehr Kirch-G\u00f6ns ist wieder im Dienst. Der Vorsitzende des Feuerwehrvereins, Markus Mohr, teilte mit, dass die Einsatzkr\u00e4fte \u201edie Melder wieder aufgenommen\u201c habe. \u201eDies gilt bis zu einer Entscheidung der Stadtverordnetenversammlung zum Bau des Feuerwehrger\u00e4tehauses in Kirch-G\u00f6ns in diesem Jahr\u201c, hei\u00dft es ausdr\u00fccklich im &#8230; <a title=\"Feuerwehr Kirch-G\u00f6ns kehrt in aktiven Dienst zur\u00fcck\" class=\"read-more\" href=\"http:\/\/875jahrekirchgoens.de\/?p=13968\" aria-label=\"Mehr Informationen \u00fcber Feuerwehr Kirch-G\u00f6ns kehrt in aktiven Dienst zur\u00fcck\">Weiterlesen<\/a><\/p>\n","protected":false},"author":1,"featured_media":0,"comment_status":"closed","ping_status":"open","sticky":false,"template":"","format":"standard","meta":{"footnotes":""},"categories":[1],"tags":[],"class_list":["post-13968","post","type-post","status-publish","format-standard","hentry","category-infos"],"_links":{"self":[{"href":"http:\/\/875jahrekirchgoens.de\/index.php?rest_route=\/wp\/v2\/posts\/13968","targetHints":{"allow":["GET"]}}],"collection":[{"href":"http:\/\/875jahrekirchgoens.de\/index.php?rest_route=\/wp\/v2\/posts"}],"about":[{"href":"http:\/\/875jahrekirchgoens.de\/index.php?rest_route=\/wp\/v2\/types\/post"}],"author":[{"embeddable":true,"href":"http:\/\/875jahrekirchgoens.de\/index.php?rest_route=\/wp\/v2\/users\/1"}],"replies":[{"embeddable":true,"href":"http:\/\/875jahrekirchgoens.de\/index.php?rest_route=%2Fwp%2Fv2%2Fcomments&post=13968"}],"version-history":[{"count":1,"href":"http:\/\/875jahrekirchgoens.de\/index.php?rest_route=\/wp\/v2\/posts\/13968\/revisions"}],"predecessor-version":[{"id":13969,"href":"http:\/\/875jahrekirchgoens.de\/index.php?rest_route=\/wp\/v2\/posts\/13968\/revisions\/13969"}],"wp:attachment":[{"href":"http:\/\/875jahrekirchgoens.de\/index.php?rest_route=%2Fwp%2Fv2%2Fmedia&parent=13968"}],"wp:term":[{"taxonomy":"category","embeddable":true,"href":"http:\/\/875jahrekirchgoens.de\/index.php?rest_route=%2Fwp%2Fv2%2Fcategories&post=13968"},{"taxonomy":"post_tag","embeddable":true,"href":"http:\/\/875jahrekirchgoens.de\/index.php?rest_route=%2Fwp%2Fv2%2Ftags&post=13968"}],"curies":[{"name":"wp","href":"https:\/\/api.w.org\/{rel}","templated":true}]}}