{"id":13977,"date":"2019-11-19T14:33:49","date_gmt":"2019-11-19T14:33:49","guid":{"rendered":"http:\/\/875jahrekirchgoens.de\/?p=13977"},"modified":"2023-12-10T14:34:32","modified_gmt":"2023-12-10T14:34:32","slug":"jubilaeum-kindergarten-kirch-goens-besteht-seit-50-jahren-seit-50-jahren-ortswappen","status":"publish","type":"post","link":"http:\/\/875jahrekirchgoens.de\/?p=13977","title":{"rendered":"JUBIL\u00c4UM \u2013 Kindergarten Kirch-G\u00f6ns besteht seit 50 Jahren \/ Seit 50 Jahren Ortswappen"},"content":{"rendered":"\n<p>Nicht nur der Wettergott hatte seine Freude am Kirch-G\u00f6nser Jubil\u00e4um anl\u00e4sslich der Gr\u00fcndung des Kindergartens vor 50 Jahren in der damals noch selbst\u00e4ndigen Gemeinde, sondern viele Eltern, Gro\u00dfeltern, Geschwister und nat\u00fcrlich Kindergartenkinder waren am Samstag dem Aufruf der Betreuerinnen gefolgt, gemeinsam mit einem Fest das besondere Jubil\u00e4um zu begehen. Silke Bolz-Lowak, die heutige Leiterin der Kindertagesst\u00e4tte, betonte, wieviel gro\u00dfe und kleine Freunde des Kindergartens gekommen seien. \u201eViele von Ihnen, die heute mit ihren Kindern vor Ort sind waren einmal selbst als Kinder im Kirch-G\u00f6nser Kindergarten\u201c. Als Erinnerung an den besonderen Tag sollten alle Teilnehmer am neugestalteten Zirkuswagen ihre Handabdr\u00fccke und Namen hinterlassen. Stefan Euler, Ortsvorsteher, sagte, es sei f\u00fcr ihn eine gro\u00dfe Ehre, an dem Jubil\u00e4um als Ortsvorsteher teilnehmen zu k\u00f6nnen. Euler dankte im Namen des Ortsbeirats den Unterst\u00fctzern des Jubil\u00e4ums, der Interessengemeinschaft Kirch-G\u00f6nser Vereine, der Freiwilligen Feuerwehr Kirch-G\u00f6ns, dem TV Kirch-G\u00f6ns und der HSG Kirch-\/Pohl-G\u00f6ns Butzbach. Das Fest habe eine besondere Bedeutung f\u00fcr Kirch-G\u00f6ns, zeige es doch auch die Best\u00e4ndigkeit und Wichtigkeit, auch nach der Neueinweihung der Kindertagesst\u00e4tte in 2018. Zeitgleich mit der Einweihung des Kindergartens Kirch-G\u00f6ns in 1969 h\u00e4tte die selbst\u00e4ndige Gemeinde Kirch-G\u00f6ns am 8. September 1969 vom Innenministerium ihr Ortswappen best\u00e4tigt bekommen. Man feiere also ein Doppeljubil\u00e4um. Ein gro\u00dfes Dankesch\u00f6n richtete Euler nochmals an den Magistrat, aber auch an alle Betreuerinnen, die \u00fcber die Jahre die Institution unterst\u00fctzt h\u00e4tten. Gru\u00dfworte des Magistrats \u00fcberbrachte B\u00fcrgermeister Michael Merle. Butzbach sei immer als \u201ePerle der Wetterau\u201c bezeichnet worden, der Kindergarten in Kirch-G\u00f6ns sei ebenfalls eine Perle als Teil einer ganzen Butzbacher Perlenkette, wie Merle betonte. Mit der heutigen Veranstaltung sehe man \u2013 in Anlehnung an ein altes indianisches Sprichwort \u2013 \u201edass ein ganzes Dorf ein Kind aufzieht\u201c, so der B\u00fcrgermeister. Dank sprach das Stadtoberhaupt allen Mitarbeitern aus, sie alle w\u00fcrden gro\u00dfartiges f\u00fcr die Kinder und damit auch f\u00fcr die Gesellschaft leisten. \u201eMit sehr viel Geduld haben Sie alle, auch die Eltern und die Kinder, die Zeit des Umbaus der Kindergarteneinrichtung mitgetragen, damit sich alle in den neuen R\u00e4umen wirklich wohlf\u00fchlen k\u00f6nnen\u201c, so Merle. Dank sprach der B\u00fcrgermeister auch der \u00f6rtlichen Kirchengemeinde aus. Mit einem Pr\u00e4sent an die Leiterin des Kindergartens Bolz-Lowak stellvertretend f\u00fcr alle Kinder und Betreuer \u00fcberraschte Thorsten Metz vom TV Kirch-G\u00f6ns: hell-gelbe K\u00fcken in Anlehnung an die Kindergartenkinder sollen zuk\u00fcnftig an den besonderen Tag erinnern. Der Elternbeirat des Kindergartens \u00fcberreichte einen Scheck, \u201eum das Au\u00dfenzelt\u201c zu vervollst\u00e4ndigen, wie es hie\u00df. Bunte Luftballons, ein Zauberer, verschiedene Spielparcours und Essen und Trinken auf der \u201eGenussmeile\u201c bereiteten Jung und Alt gro\u00dfen Spass. Am Nachmittag sorgte ein Kuchenbuffet f\u00fcr weitere Abwechslung. Bis zum fr\u00fchen Abend hatten so alle abwechslungsreichen Spass, insbesondere aber die rund 50 Kinder, die diesen Jubil\u00e4umstag besonders genossen.<\/p>\n\n\n\n<p>Quelle und Bilder: Butzbacher Zeitung vom 17. September 2019<\/p>\n\n\n\n<figure class=\"wp-block-gallery has-nested-images columns-default is-cropped wp-block-gallery-1 is-layout-flex wp-block-gallery-is-layout-flex\">\n<figure class=\"wp-block-image size-large\"><img loading=\"lazy\" decoding=\"async\" width=\"687\" height=\"515\" data-id=\"13979\" src=\"http:\/\/875jahrekirchgoens.de\/wp-content\/uploads\/2023\/12\/Kiga-Bild2.jpg\" alt=\"\" class=\"wp-image-13979\" srcset=\"http:\/\/875jahrekirchgoens.de\/wp-content\/uploads\/2023\/12\/Kiga-Bild2.jpg 687w, http:\/\/875jahrekirchgoens.de\/wp-content\/uploads\/2023\/12\/Kiga-Bild2-300x225.jpg 300w\" sizes=\"auto, (max-width: 687px) 100vw, 687px\" \/><figcaption class=\"wp-element-caption\">Mit einer kleinen Gesangseinlage und einem Scheck gratulierten Vertreter des Elternbeirats des Kindergartens.<\/figcaption><\/figure>\n\n\n\n<figure class=\"wp-block-image size-large\"><img loading=\"lazy\" decoding=\"async\" width=\"1024\" height=\"768\" data-id=\"13978\" src=\"http:\/\/875jahrekirchgoens.de\/wp-content\/uploads\/2023\/12\/Kiga-Bild1-1024x768.jpg\" alt=\"\" class=\"wp-image-13978\" srcset=\"http:\/\/875jahrekirchgoens.de\/wp-content\/uploads\/2023\/12\/Kiga-Bild1-1024x768.jpg 1024w, http:\/\/875jahrekirchgoens.de\/wp-content\/uploads\/2023\/12\/Kiga-Bild1-300x225.jpg 300w, http:\/\/875jahrekirchgoens.de\/wp-content\/uploads\/2023\/12\/Kiga-Bild1-768x576.jpg 768w, http:\/\/875jahrekirchgoens.de\/wp-content\/uploads\/2023\/12\/Kiga-Bild1.jpg 1134w\" sizes=\"auto, (max-width: 1024px) 100vw, 1024px\" \/><figcaption class=\"wp-element-caption\">Mit einer Trommel- und Gesangseinlage er\u00f6ffneten die Kindergartenkinder zusammen mit ihren Betreuerinnen das Jubil\u00e4umsfest zum 50-j\u00e4hrigen Bestehen des Kirch-G\u00f6nser Kindergartens am Samstag. B\u00fcrgermeister Michael Merle und Ortsvorsteher Stefan Euler gratulierten stellvertretend f\u00fcr alle Betreuer der Leiterin der Kindertageseinrichtung Kirch-G\u00f6ns, Silke Bolz-Lowak, zum Jubil\u00e4um.<\/figcaption><\/figure>\n<\/figure>\n","protected":false},"excerpt":{"rendered":"<p>Nicht nur der Wettergott hatte seine Freude am Kirch-G\u00f6nser Jubil\u00e4um anl\u00e4sslich der Gr\u00fcndung des Kindergartens vor 50 Jahren in der damals noch selbst\u00e4ndigen Gemeinde, sondern viele Eltern, Gro\u00dfeltern, Geschwister und nat\u00fcrlich Kindergartenkinder waren am Samstag dem Aufruf der Betreuerinnen gefolgt, gemeinsam mit einem Fest das besondere Jubil\u00e4um zu begehen. Silke Bolz-Lowak, die heutige Leiterin der &#8230; <a title=\"JUBIL\u00c4UM \u2013 Kindergarten Kirch-G\u00f6ns besteht seit 50 Jahren \/ Seit 50 Jahren Ortswappen\" class=\"read-more\" href=\"http:\/\/875jahrekirchgoens.de\/?p=13977\" aria-label=\"Mehr Informationen \u00fcber JUBIL\u00c4UM \u2013 Kindergarten Kirch-G\u00f6ns besteht seit 50 Jahren \/ Seit 50 Jahren Ortswappen\">Weiterlesen<\/a><\/p>\n","protected":false},"author":1,"featured_media":0,"comment_status":"closed","ping_status":"open","sticky":false,"template":"","format":"standard","meta":{"footnotes":""},"categories":[1],"tags":[],"class_list":["post-13977","post","type-post","status-publish","format-standard","hentry","category-infos"],"_links":{"self":[{"href":"http:\/\/875jahrekirchgoens.de\/index.php?rest_route=\/wp\/v2\/posts\/13977","targetHints":{"allow":["GET"]}}],"collection":[{"href":"http:\/\/875jahrekirchgoens.de\/index.php?rest_route=\/wp\/v2\/posts"}],"about":[{"href":"http:\/\/875jahrekirchgoens.de\/index.php?rest_route=\/wp\/v2\/types\/post"}],"author":[{"embeddable":true,"href":"http:\/\/875jahrekirchgoens.de\/index.php?rest_route=\/wp\/v2\/users\/1"}],"replies":[{"embeddable":true,"href":"http:\/\/875jahrekirchgoens.de\/index.php?rest_route=%2Fwp%2Fv2%2Fcomments&post=13977"}],"version-history":[{"count":1,"href":"http:\/\/875jahrekirchgoens.de\/index.php?rest_route=\/wp\/v2\/posts\/13977\/revisions"}],"predecessor-version":[{"id":13980,"href":"http:\/\/875jahrekirchgoens.de\/index.php?rest_route=\/wp\/v2\/posts\/13977\/revisions\/13980"}],"wp:attachment":[{"href":"http:\/\/875jahrekirchgoens.de\/index.php?rest_route=%2Fwp%2Fv2%2Fmedia&parent=13977"}],"wp:term":[{"taxonomy":"category","embeddable":true,"href":"http:\/\/875jahrekirchgoens.de\/index.php?rest_route=%2Fwp%2Fv2%2Fcategories&post=13977"},{"taxonomy":"post_tag","embeddable":true,"href":"http:\/\/875jahrekirchgoens.de\/index.php?rest_route=%2Fwp%2Fv2%2Ftags&post=13977"}],"curies":[{"name":"wp","href":"https:\/\/api.w.org\/{rel}","templated":true}]}}