{"id":13982,"date":"2019-11-25T14:38:00","date_gmt":"2019-11-25T14:38:00","guid":{"rendered":"http:\/\/875jahrekirchgoens.de\/?p=13982"},"modified":"2023-12-10T14:40:02","modified_gmt":"2023-12-10T14:40:02","slug":"erster-spatenstich-fuer-feuerwehrgeraetehaus-butzbach-nord-vollzogen","status":"publish","type":"post","link":"http:\/\/875jahrekirchgoens.de\/?p=13982","title":{"rendered":"Erster Spatenstich f\u00fcr Feuerwehrger\u00e4tehaus Butzbach Nord vollzogen"},"content":{"rendered":"\n<p>Es tut sich was in Sachen neues Feuerwehrger\u00e4tehaus in Kirch-G\u00f6ns, woran viele Dorfbewohner mittlerweile nicht mehr glauben wollten. Vor wenigen Tagen wurde das vorgesehene Baugel\u00e4nde neben dem Pfarrhaus eingez\u00e4unt und am Samstag der Spatenstich vorgenommen.<\/p>\n\n\n\n<p>Zum symbolischen Beginn der Baut\u00e4tigkeit waren etliche Kirch-G\u00f6nser B\u00fcrgerinnen und B\u00fcrger sowie die Einsatzabteilung der Freiwilligen Feuerwehr gekommen. An dem Spatenstich nahmen B\u00fcrgermeister Michael Merle, Ortsbeiratsvorsitzender Stephan Euler, Pfarrer William Thum, Frank und Gerhard Hildebrand von der bauausf\u00fchrenden heimischen Firma, Stadtbrandinspektor Christian Veitenhansl, Mitglieder des Magistrats und der Stadtverordnetenversammlung sowie Ortsbeiratsmitglieder aus Kirch-G\u00f6ns und Pohl-G\u00f6ns und weitere G\u00e4ste teil.<\/p>\n\n\n\n<p>Das neue Feuerwehrger\u00e4tehaus wird in Massivbauweise erstellt und eine Geschossfl\u00e4che von \u00fcber 600 qm umfassen. Am Hallendach wird eine Stahlkonstruktion f\u00fcr Anleiter\u00fcbungen angebaut. Die Fahrzeughalle umfasst drei Stellpl\u00e4tze. F\u00fcr 39 M\u00e4nner und 11 Frauen werden Umkleider\u00e4ume vorhanden sein. Ebenso ein Schulungs- und ein Jugendraum, die zu einem gr\u00f6\u00dferen Raum zusammengeschlossen werden k\u00f6nnen.<\/p>\n\n\n\n<p>Die im st\u00e4dtischen Haushalt eingestellten Mittel f\u00fcr den Neubau bezifferte B\u00fcrgermeister Merle auf 1,5 Millionen Euro. Merle zeigte sich erfreut, dass mit der Firma Hildebrand ein leistungsf\u00e4higes heimisches Bauunternehmen f\u00fcr die Erstellung des Neubaues gewonnen werden konnte.<\/p>\n\n\n\n<p>Der Neubau wird, so Merle, den offiziellen Namen Feuerwehrger\u00e4tehaus Butzbach Nord tragen, denn die Kirch-G\u00f6nser Einsatzabteilung sei nicht nur f\u00fcr ihr Dorf zust\u00e4ndig, sondern auch f\u00fcr Ebersg\u00f6ns, Pohl-G\u00f6ns und das n\u00f6rdliche Butzbach. Zudem k\u00e4men die Kirch-G\u00f6nser Feuerwehrleute \u00fcberall im Stadtgebiet zum Einsatz, wenn dies erforderlich sei.<\/p>\n\n\n\n<p>Der Kirch-G\u00f6nser Ortsbeiratsvorsitzende Stephan Euler sagte, der Ortsbeirat habe zusammen mit der Kirch-G\u00f6nser Feuerwehr hartn\u00e4ckig um den Neubau gek\u00e4mpft, was viel Kraft gekostet habe.<\/p>\n\n\n\n<p>Der Neubau sei ein Aush\u00e4ngeschild f\u00fcr den Butzbacher Norden und bringe die Sicherheit der B\u00fcrgerinnen und B\u00fcrger voran. Stadtbrandinspektor Christian Veitenhansl bezeichnete die Kirch-G\u00f6nser Einsatzabteilung als starke und hoch motivierte Truppe, die eine tragende S\u00e4ule der Sicherheit im Butzbacher Norden sei.<\/p>\n\n\n\n<p>Der Kirch-G\u00f6nser Wehrf\u00fchrer J\u00f6rg Winter ging ein wenig auf die Historie des Neubaus eines Feuerwehrger\u00e4tehauses ein. Schon vor 25 Jahren habe man den Bau angesto\u00dfen, nun komme man endlich langsam zur Ziellinie.<\/p>\n\n\n\n<p>Pfarrer William Thum freute sich in seiner Ansprache auf ein gutes Ende eines langen Prozesses. Das neue Feuerwehrger\u00e4tehaus verstelle zwar k\u00fcnftig den Blick aus dem Pfarrhaus Richtung Pohl-G\u00f6ns, das dadurch aber nicht aus dem Blick geraten werde.<\/p>\n\n\n\n<p>B\u00fcrgermeister Merle lud nach den Ansprachen die Anwesenden ein beim Spatenstich mitzuwirken, was auch zahlreiche Besucher der Veranstaltung taten. Anschlie\u00dfend ging es ins angrenzende evangelische Gemeindehaus zu einem Imbiss.<\/p>\n\n\n\n<p>Quelle: Butzbacher Zeitung vom 25. November 2019<\/p>\n\n\n\n<figure class=\"wp-block-gallery has-nested-images columns-default is-cropped wp-block-gallery-1 is-layout-flex wp-block-gallery-is-layout-flex\">\n<figure class=\"wp-block-image size-large\"><img loading=\"lazy\" decoding=\"async\" width=\"760\" height=\"510\" data-id=\"13984\" src=\"http:\/\/875jahrekirchgoens.de\/wp-content\/uploads\/2023\/12\/Spaten-Bild2.jpg\" alt=\"\" class=\"wp-image-13984\" srcset=\"http:\/\/875jahrekirchgoens.de\/wp-content\/uploads\/2023\/12\/Spaten-Bild2.jpg 760w, http:\/\/875jahrekirchgoens.de\/wp-content\/uploads\/2023\/12\/Spaten-Bild2-300x201.jpg 300w\" sizes=\"auto, (max-width: 760px) 100vw, 760px\" \/><\/figure>\n\n\n\n<figure class=\"wp-block-image size-large\"><img loading=\"lazy\" decoding=\"async\" width=\"758\" height=\"550\" data-id=\"13983\" src=\"http:\/\/875jahrekirchgoens.de\/wp-content\/uploads\/2023\/12\/Spaten-Bild1.jpg\" alt=\"\" class=\"wp-image-13983\" srcset=\"http:\/\/875jahrekirchgoens.de\/wp-content\/uploads\/2023\/12\/Spaten-Bild1.jpg 758w, http:\/\/875jahrekirchgoens.de\/wp-content\/uploads\/2023\/12\/Spaten-Bild1-300x218.jpg 300w\" sizes=\"auto, (max-width: 758px) 100vw, 758px\" \/><\/figure>\n<\/figure>\n","protected":false},"excerpt":{"rendered":"<p>Es tut sich was in Sachen neues Feuerwehrger\u00e4tehaus in Kirch-G\u00f6ns, woran viele Dorfbewohner mittlerweile nicht mehr glauben wollten. Vor wenigen Tagen wurde das vorgesehene Baugel\u00e4nde neben dem Pfarrhaus eingez\u00e4unt und am Samstag der Spatenstich vorgenommen. Zum symbolischen Beginn der Baut\u00e4tigkeit waren etliche Kirch-G\u00f6nser B\u00fcrgerinnen und B\u00fcrger sowie die Einsatzabteilung der Freiwilligen Feuerwehr gekommen. An dem &#8230; <a title=\"Erster Spatenstich f\u00fcr Feuerwehrger\u00e4tehaus Butzbach Nord vollzogen\" class=\"read-more\" href=\"http:\/\/875jahrekirchgoens.de\/?p=13982\" aria-label=\"Mehr Informationen \u00fcber Erster Spatenstich f\u00fcr Feuerwehrger\u00e4tehaus Butzbach Nord vollzogen\">Weiterlesen<\/a><\/p>\n","protected":false},"author":1,"featured_media":0,"comment_status":"closed","ping_status":"open","sticky":false,"template":"","format":"standard","meta":{"footnotes":""},"categories":[1],"tags":[],"class_list":["post-13982","post","type-post","status-publish","format-standard","hentry","category-infos"],"_links":{"self":[{"href":"http:\/\/875jahrekirchgoens.de\/index.php?rest_route=\/wp\/v2\/posts\/13982","targetHints":{"allow":["GET"]}}],"collection":[{"href":"http:\/\/875jahrekirchgoens.de\/index.php?rest_route=\/wp\/v2\/posts"}],"about":[{"href":"http:\/\/875jahrekirchgoens.de\/index.php?rest_route=\/wp\/v2\/types\/post"}],"author":[{"embeddable":true,"href":"http:\/\/875jahrekirchgoens.de\/index.php?rest_route=\/wp\/v2\/users\/1"}],"replies":[{"embeddable":true,"href":"http:\/\/875jahrekirchgoens.de\/index.php?rest_route=%2Fwp%2Fv2%2Fcomments&post=13982"}],"version-history":[{"count":1,"href":"http:\/\/875jahrekirchgoens.de\/index.php?rest_route=\/wp\/v2\/posts\/13982\/revisions"}],"predecessor-version":[{"id":13985,"href":"http:\/\/875jahrekirchgoens.de\/index.php?rest_route=\/wp\/v2\/posts\/13982\/revisions\/13985"}],"wp:attachment":[{"href":"http:\/\/875jahrekirchgoens.de\/index.php?rest_route=%2Fwp%2Fv2%2Fmedia&parent=13982"}],"wp:term":[{"taxonomy":"category","embeddable":true,"href":"http:\/\/875jahrekirchgoens.de\/index.php?rest_route=%2Fwp%2Fv2%2Fcategories&post=13982"},{"taxonomy":"post_tag","embeddable":true,"href":"http:\/\/875jahrekirchgoens.de\/index.php?rest_route=%2Fwp%2Fv2%2Ftags&post=13982"}],"curies":[{"name":"wp","href":"https:\/\/api.w.org\/{rel}","templated":true}]}}