{"id":14002,"date":"2023-06-15T14:56:00","date_gmt":"2023-06-15T14:56:00","guid":{"rendered":"http:\/\/875jahrekirchgoens.de\/?p=14002"},"modified":"2023-12-10T14:57:43","modified_gmt":"2023-12-10T14:57:43","slug":"eine-unerwartet-grosse-resonanz-fand-die-aktion","status":"publish","type":"post","link":"http:\/\/875jahrekirchgoens.de\/?p=14002","title":{"rendered":"Eine unerwartet gro\u00dfe Resonanz fand die Aktion \u2026"},"content":{"rendered":"\n<p>\u201eMiteinander-Mittagstisch f\u00fcr alle\u201c, die gestern im Pohl-G\u00f6nser B\u00fcrgerhaus unter dem Motto \u201eWeils gemeinsam einfach besser schmeckt\u201c gestartet wurde. Martin Jung hatte die Idee dazu, die jetzt immer allmonatlich im Wechsel in Pohl-G\u00f6ns oder Kirch-G\u00f6ns stattfindet. Jung bedankte sich zu Beginn der Veranstaltung auch bei allen Helferinnen und Helfern, die sich f\u00fcr die gute Sache einsetzen. Auch Pfarrer David Lieder freute sich \u00fcber das Gelingen des Miteinander-Mittagstisch und sprach ein Tischgebet. Dann trat der Caterter Uwe Hermann vom Kirch-G\u00f6nser Restaurant \u201eLe Crabe\u201c in Aktion und portionierte in der K\u00fcche des B\u00fcrgerhauses gekonnt die 99 Rinderrouladen samt Beilagen. Auch die zehn Helferinnen und Helfer lie\u00dfen sich den Miteinander-Mittagstisch schmecken, der am 12. Juli im Kirch-G\u00f6nser B\u00fcrgerhaus fortgesetzt wird.<\/p>\n\n\n\n<p>Quelle und Bilder: Butzbacher Zeitung vom 15. Juni 2023<\/p>\n\n\n\n<figure class=\"wp-block-gallery has-nested-images columns-default is-cropped wp-block-gallery-1 is-layout-flex wp-block-gallery-is-layout-flex\">\n<figure class=\"wp-block-image size-large\"><img loading=\"lazy\" decoding=\"async\" width=\"255\" height=\"171\" data-id=\"14001\" src=\"http:\/\/875jahrekirchgoens.de\/wp-content\/uploads\/2023\/12\/Mittag-Bild4.png\" alt=\"\" class=\"wp-image-14001\"\/><\/figure>\n\n\n\n<figure class=\"wp-block-image size-large\"><img loading=\"lazy\" decoding=\"async\" width=\"262\" height=\"180\" data-id=\"13999\" src=\"http:\/\/875jahrekirchgoens.de\/wp-content\/uploads\/2023\/12\/Mittag-Bild2.png\" alt=\"\" class=\"wp-image-13999\"\/><\/figure>\n\n\n\n<figure class=\"wp-block-image size-large\"><img loading=\"lazy\" decoding=\"async\" width=\"235\" height=\"168\" data-id=\"14000\" src=\"http:\/\/875jahrekirchgoens.de\/wp-content\/uploads\/2023\/12\/Mittag-Bild3.png\" alt=\"\" class=\"wp-image-14000\"\/><\/figure>\n\n\n\n<figure class=\"wp-block-image size-large\"><img loading=\"lazy\" decoding=\"async\" width=\"262\" height=\"175\" data-id=\"13998\" src=\"http:\/\/875jahrekirchgoens.de\/wp-content\/uploads\/2023\/12\/Mittag-Bild1.png\" alt=\"\" class=\"wp-image-13998\"\/><\/figure>\n<\/figure>\n","protected":false},"excerpt":{"rendered":"<p>\u201eMiteinander-Mittagstisch f\u00fcr alle\u201c, die gestern im Pohl-G\u00f6nser B\u00fcrgerhaus unter dem Motto \u201eWeils gemeinsam einfach besser schmeckt\u201c gestartet wurde. Martin Jung hatte die Idee dazu, die jetzt immer allmonatlich im Wechsel in Pohl-G\u00f6ns oder Kirch-G\u00f6ns stattfindet. Jung bedankte sich zu Beginn der Veranstaltung auch bei allen Helferinnen und Helfern, die sich f\u00fcr die gute Sache einsetzen. &#8230; <a title=\"Eine unerwartet gro\u00dfe Resonanz fand die Aktion \u2026\" class=\"read-more\" href=\"http:\/\/875jahrekirchgoens.de\/?p=14002\" aria-label=\"Mehr Informationen \u00fcber Eine unerwartet gro\u00dfe Resonanz fand die Aktion \u2026\">Weiterlesen<\/a><\/p>\n","protected":false},"author":1,"featured_media":0,"comment_status":"closed","ping_status":"open","sticky":false,"template":"","format":"standard","meta":{"footnotes":""},"categories":[1],"tags":[],"class_list":["post-14002","post","type-post","status-publish","format-standard","hentry","category-infos"],"_links":{"self":[{"href":"http:\/\/875jahrekirchgoens.de\/index.php?rest_route=\/wp\/v2\/posts\/14002","targetHints":{"allow":["GET"]}}],"collection":[{"href":"http:\/\/875jahrekirchgoens.de\/index.php?rest_route=\/wp\/v2\/posts"}],"about":[{"href":"http:\/\/875jahrekirchgoens.de\/index.php?rest_route=\/wp\/v2\/types\/post"}],"author":[{"embeddable":true,"href":"http:\/\/875jahrekirchgoens.de\/index.php?rest_route=\/wp\/v2\/users\/1"}],"replies":[{"embeddable":true,"href":"http:\/\/875jahrekirchgoens.de\/index.php?rest_route=%2Fwp%2Fv2%2Fcomments&post=14002"}],"version-history":[{"count":1,"href":"http:\/\/875jahrekirchgoens.de\/index.php?rest_route=\/wp\/v2\/posts\/14002\/revisions"}],"predecessor-version":[{"id":14003,"href":"http:\/\/875jahrekirchgoens.de\/index.php?rest_route=\/wp\/v2\/posts\/14002\/revisions\/14003"}],"wp:attachment":[{"href":"http:\/\/875jahrekirchgoens.de\/index.php?rest_route=%2Fwp%2Fv2%2Fmedia&parent=14002"}],"wp:term":[{"taxonomy":"category","embeddable":true,"href":"http:\/\/875jahrekirchgoens.de\/index.php?rest_route=%2Fwp%2Fv2%2Fcategories&post=14002"},{"taxonomy":"post_tag","embeddable":true,"href":"http:\/\/875jahrekirchgoens.de\/index.php?rest_route=%2Fwp%2Fv2%2Ftags&post=14002"}],"curies":[{"name":"wp","href":"https:\/\/api.w.org\/{rel}","templated":true}]}}