{"id":14005,"date":"2023-06-17T14:59:00","date_gmt":"2023-06-17T14:59:00","guid":{"rendered":"http:\/\/875jahrekirchgoens.de\/?p=14005"},"modified":"2023-12-10T15:00:28","modified_gmt":"2023-12-10T15:00:28","slug":"cdu-gedenkt-des-70-jahrestages-des-17-juni-1953","status":"publish","type":"post","link":"http:\/\/875jahrekirchgoens.de\/?p=14005","title":{"rendered":"CDU gedenkt des 70. Jahrestages des 17. Juni 1953"},"content":{"rendered":"\n<p>Traditionell gedachten der CDU-Stadtverband Butzbach und der CDU-Ortsverband G\u00f6ns des Volksaufstands in der DDR vom 17. Juni 1953. Die Veranstaltung fand am Gedenkstein f\u00fcr die verlorene Heimat am B\u00fcrgerhaus Kirch-G\u00f6ns statt. Zum 70. Jahrestag konnten der CDU-Vorsitzende Stefan Euler und der G\u00f6nser CDU-Vorsitzende Stefan H\u00f6chst, die Landtagskandidatin Annette Wetekam begr\u00fc\u00dfen. Annette Wetekam betonte in ihrer Ansprache die Bedeutung dieses nationalen Gedenktages, um gegen das Vergessen des DDR-Unrechtsstaates zu erinnern. Die Erinnerungskultur sei ein wichtiger Beitrag, die Bedeutung f\u00fcr Demokratie und Freiheit aufrecht zu erhalten. Gerade in Zeiten, wo ein autokratisches Regime einen Angriffskrieg in Europa f\u00fchre, m\u00fcssten wir uns f\u00fcr den Erhalt unserer Grundwerte einsetzen.<\/p>\n\n\n\n<figure class=\"wp-block-image size-full\"><img loading=\"lazy\" decoding=\"async\" width=\"285\" height=\"212\" src=\"http:\/\/875jahrekirchgoens.de\/wp-content\/uploads\/2023\/12\/17.Juni-Bild1.png\" alt=\"\" class=\"wp-image-14004\"\/><figcaption class=\"wp-element-caption\">Das Foto zeigt (v.l.): Bernhard Dern, Stefan Schepp, Annette Wetekam, Stefan Euler und Stefan H6chst beim Gedenken an den Volksauf\u00ad stand am 17. Juni 1953 in der DDR.\n\n<\/figcaption><\/figure>\n","protected":false},"excerpt":{"rendered":"<p>Traditionell gedachten der CDU-Stadtverband Butzbach und der CDU-Ortsverband G\u00f6ns des Volksaufstands in der DDR vom 17. Juni 1953. Die Veranstaltung fand am Gedenkstein f\u00fcr die verlorene Heimat am B\u00fcrgerhaus Kirch-G\u00f6ns statt. Zum 70. Jahrestag konnten der CDU-Vorsitzende Stefan Euler und der G\u00f6nser CDU-Vorsitzende Stefan H\u00f6chst, die Landtagskandidatin Annette Wetekam begr\u00fc\u00dfen. Annette Wetekam betonte in ihrer &#8230; <a title=\"CDU gedenkt des 70. Jahrestages des 17. Juni 1953\" class=\"read-more\" href=\"http:\/\/875jahrekirchgoens.de\/?p=14005\" aria-label=\"Mehr Informationen \u00fcber CDU gedenkt des 70. Jahrestages des 17. Juni 1953\">Weiterlesen<\/a><\/p>\n","protected":false},"author":1,"featured_media":0,"comment_status":"closed","ping_status":"open","sticky":false,"template":"","format":"standard","meta":{"footnotes":""},"categories":[1],"tags":[],"class_list":["post-14005","post","type-post","status-publish","format-standard","hentry","category-infos"],"_links":{"self":[{"href":"http:\/\/875jahrekirchgoens.de\/index.php?rest_route=\/wp\/v2\/posts\/14005","targetHints":{"allow":["GET"]}}],"collection":[{"href":"http:\/\/875jahrekirchgoens.de\/index.php?rest_route=\/wp\/v2\/posts"}],"about":[{"href":"http:\/\/875jahrekirchgoens.de\/index.php?rest_route=\/wp\/v2\/types\/post"}],"author":[{"embeddable":true,"href":"http:\/\/875jahrekirchgoens.de\/index.php?rest_route=\/wp\/v2\/users\/1"}],"replies":[{"embeddable":true,"href":"http:\/\/875jahrekirchgoens.de\/index.php?rest_route=%2Fwp%2Fv2%2Fcomments&post=14005"}],"version-history":[{"count":1,"href":"http:\/\/875jahrekirchgoens.de\/index.php?rest_route=\/wp\/v2\/posts\/14005\/revisions"}],"predecessor-version":[{"id":14006,"href":"http:\/\/875jahrekirchgoens.de\/index.php?rest_route=\/wp\/v2\/posts\/14005\/revisions\/14006"}],"wp:attachment":[{"href":"http:\/\/875jahrekirchgoens.de\/index.php?rest_route=%2Fwp%2Fv2%2Fmedia&parent=14005"}],"wp:term":[{"taxonomy":"category","embeddable":true,"href":"http:\/\/875jahrekirchgoens.de\/index.php?rest_route=%2Fwp%2Fv2%2Fcategories&post=14005"},{"taxonomy":"post_tag","embeddable":true,"href":"http:\/\/875jahrekirchgoens.de\/index.php?rest_route=%2Fwp%2Fv2%2Ftags&post=14005"}],"curies":[{"name":"wp","href":"https:\/\/api.w.org\/{rel}","templated":true}]}}