{"id":14007,"date":"2023-08-22T15:01:00","date_gmt":"2023-08-22T15:01:00","guid":{"rendered":"http:\/\/875jahrekirchgoens.de\/?p=14007"},"modified":"2023-12-10T15:03:24","modified_gmt":"2023-12-10T15:03:24","slug":"sommerfest-der-kirch-goenser-spd","status":"publish","type":"post","link":"http:\/\/875jahrekirchgoens.de\/?p=14007","title":{"rendered":"Sommerfest der Kirch-G\u00f6nser SPD"},"content":{"rendered":"\n<p>Das Sommerfest der SPD Kirch-Gons fand in fr\u00f6hlicher Atmosph\u00e4re statt und zog zahlreiche G\u00e4ste an. Die Veranstaltung war ein gro\u00dfer Erfolg, bei dem interessante Diskussionen und konstruktiver Austausch im Mittelpunkt standen.<\/p>\n\n\n\n<p>Die Besucher genossen zudem exzellentes Essen und erfrischende Getr\u00e4nke bei hei\u00dfen Temperaturen. Unter den G\u00e4sten befand sich auch die Landtagskandidatin Anne Thomas. ,,Das Sommerfest der SPD Kirch-Gons war eine fantastische Gelegenheit, das Wetter zu genie\u00dfen und sich in einer angenehmen Atmosph\u00e4re mit Kolleginnen, Kollegen und anderen G\u00e4sten auszutauschen&#8220;, betonte Thomas. ,,Es war ein gelungenes Fest, bei dem viele die M\u00f6glichkeit hatten, abzuschalten und einfach nur den Moment zu genie\u00dfen&#8220;, erg\u00e4nzte die Kirch-Gonser Vorsitzende Ilona Schlossarek.<\/p>\n\n\n\n<p>Der Vorstand der Kirch\u00ad Gonser Sozialdemokraten bedankt sich herzlich bei allen G\u00e4sten, Unterst\u00fctzern und Helfern, die zu diesem Event beigetragen haben. Das Foto zeigt v. l.: William Paul, Ilona Schlossarek, Anne Thomas und Mathias Paul.<\/p>\n\n\n\n<p>Quelle und Bild: Butzbacher Zeitung vom 22. August 2023<\/p>\n\n\n\n<figure class=\"wp-block-image size-full\"><img loading=\"lazy\" decoding=\"async\" width=\"217\" height=\"262\" src=\"http:\/\/875jahrekirchgoens.de\/wp-content\/uploads\/2023\/12\/Sommer-Bild1.png\" alt=\"\" class=\"wp-image-14008\"\/><\/figure>\n","protected":false},"excerpt":{"rendered":"<p>Das Sommerfest der SPD Kirch-Gons fand in fr\u00f6hlicher Atmosph\u00e4re statt und zog zahlreiche G\u00e4ste an. Die Veranstaltung war ein gro\u00dfer Erfolg, bei dem interessante Diskussionen und konstruktiver Austausch im Mittelpunkt standen. Die Besucher genossen zudem exzellentes Essen und erfrischende Getr\u00e4nke bei hei\u00dfen Temperaturen. Unter den G\u00e4sten befand sich auch die Landtagskandidatin Anne Thomas. ,,Das Sommerfest &#8230; <a title=\"Sommerfest der Kirch-G\u00f6nser SPD\" class=\"read-more\" href=\"http:\/\/875jahrekirchgoens.de\/?p=14007\" aria-label=\"Mehr Informationen \u00fcber Sommerfest der Kirch-G\u00f6nser SPD\">Weiterlesen<\/a><\/p>\n","protected":false},"author":1,"featured_media":0,"comment_status":"closed","ping_status":"open","sticky":false,"template":"","format":"standard","meta":{"footnotes":""},"categories":[1],"tags":[],"class_list":["post-14007","post","type-post","status-publish","format-standard","hentry","category-infos"],"_links":{"self":[{"href":"http:\/\/875jahrekirchgoens.de\/index.php?rest_route=\/wp\/v2\/posts\/14007","targetHints":{"allow":["GET"]}}],"collection":[{"href":"http:\/\/875jahrekirchgoens.de\/index.php?rest_route=\/wp\/v2\/posts"}],"about":[{"href":"http:\/\/875jahrekirchgoens.de\/index.php?rest_route=\/wp\/v2\/types\/post"}],"author":[{"embeddable":true,"href":"http:\/\/875jahrekirchgoens.de\/index.php?rest_route=\/wp\/v2\/users\/1"}],"replies":[{"embeddable":true,"href":"http:\/\/875jahrekirchgoens.de\/index.php?rest_route=%2Fwp%2Fv2%2Fcomments&post=14007"}],"version-history":[{"count":1,"href":"http:\/\/875jahrekirchgoens.de\/index.php?rest_route=\/wp\/v2\/posts\/14007\/revisions"}],"predecessor-version":[{"id":14009,"href":"http:\/\/875jahrekirchgoens.de\/index.php?rest_route=\/wp\/v2\/posts\/14007\/revisions\/14009"}],"wp:attachment":[{"href":"http:\/\/875jahrekirchgoens.de\/index.php?rest_route=%2Fwp%2Fv2%2Fmedia&parent=14007"}],"wp:term":[{"taxonomy":"category","embeddable":true,"href":"http:\/\/875jahrekirchgoens.de\/index.php?rest_route=%2Fwp%2Fv2%2Fcategories&post=14007"},{"taxonomy":"post_tag","embeddable":true,"href":"http:\/\/875jahrekirchgoens.de\/index.php?rest_route=%2Fwp%2Fv2%2Ftags&post=14007"}],"curies":[{"name":"wp","href":"https:\/\/api.w.org\/{rel}","templated":true}]}}