{"id":14014,"date":"2023-11-30T15:07:00","date_gmt":"2023-11-30T15:07:00","guid":{"rendered":"http:\/\/875jahrekirchgoens.de\/?p=14014"},"modified":"2023-12-10T15:08:20","modified_gmt":"2023-12-10T15:08:20","slug":"big-band-der-bundeswehr-tritt-am-nikolaustag-in-mehrzweckhalle-auf","status":"publish","type":"post","link":"http:\/\/875jahrekirchgoens.de\/?p=14014","title":{"rendered":"Big Band der Bundeswehr tritt am Nikolaustag in Mehrzweckhalle auf"},"content":{"rendered":"\n<p><strong><em>Weihnachtskonzert in Kirch-\/Pohl-G\u00f6ns mit Entertainer Markus Maria Profitlich \/ Karten noch erh\u00e4ltlich<\/em><\/strong><\/p>\n\n\n\n<p>Am Mittwoch, 6. Dezember pr\u00e4sentiert sich die Big Band der Bundeswehr in der Mehrzweckhalle Kirch-\/Pohl-G\u00f6ns. Als Special Guest mit dabei ist als Entertainer Markus Maria Profitlich. Beginn ist um 20.00 Uhr.<\/p>\n\n\n\n<p>Nach der kurzfristigen Absage der U. S. Air Forces in Europe Band hat die Stadt Butzbach mit der Big Band der Bundeswehr einen hervorragenden Ersatz gefunden.<\/p>\n\n\n\n<p>Die Big Band unter der Leitung von Bandleader Timo Oliver Chadik z\u00e4hlt gleich aus mehreren Gr\u00fcnden zu den ungew\u00f6hnlichsten Show- und Unterhaltungsorchestern Deutschlands. So sticht das Ensemble bereits unter den insgesamt 15 Klangk\u00f6rpern des Milit\u00e4rmusikdienstes der Bundeswehr im Auftrag, Auftreten und Sound einer klassischen Big-Band-Besetzung deutlich hervor.<\/p>\n\n\n\n<p>Gew\u00f6hnliche Marsch- und Orchesterliteratur sind hier Fehlanzeige. Dar\u00fcber hinaus gibt es kein zweites Show- und Unterhaltungsorchester, das mit einer derart hochmodernen, multimedial aufbereiteten und damit einzigartigen B\u00fchnenshow durch Deutschland und die Welt reist.<\/p>\n\n\n\n<p>Wer ein Konzert der Bing Band der Bundeswehr erlebt, wird mitgenommen in eine Welt der Show- und Unterhaltungsmusik, der \u00dcberraschungen und Emotionen, der Spezialeffekt, der greifbaren Spielfreude und in eine Welt des \u201eAbtauchens aus dem Alltag\u201c. Die Big Band der Bundeswehr tritt ohne Gage auf.<\/p>\n\n\n\n<p>Mit den Einnahmen werden seit jeher wohlt\u00e4tige bzw. gemeinn\u00fctzige Zwecke unterst\u00fctzt. Die Stadt Butzbach wird mit den Eintrittsgeldern das Kinder- und Jugendhilfezentrum Waldfrieden unterst\u00fctzen.<\/p>\n\n\n\n<p>Tickets sind erh\u00e4ltlich in der Tourist-Information am Markplatz 19 oder unter <a href=\"http:\/\/www.reservix.de\">www.reservix.de<\/a>. \u00d6ffnungszeiten der Tourist-Information: Mittwoch und Donnerstag von 11.00 bis 16.00 Uhr, Freitag von 11.00 bis 18.00 Uhr sowie Samstag von 10.00 bis 14.00 Uhr und Sonntag von 12.00 bis 16.00 Uhr.<\/p>\n\n\n\n<p>Quelle: Butzbacher Zeitung vom 30. November 2023<\/p>\n","protected":false},"excerpt":{"rendered":"<p>Weihnachtskonzert in Kirch-\/Pohl-G\u00f6ns mit Entertainer Markus Maria Profitlich \/ Karten noch erh\u00e4ltlich Am Mittwoch, 6. Dezember pr\u00e4sentiert sich die Big Band der Bundeswehr in der Mehrzweckhalle Kirch-\/Pohl-G\u00f6ns. Als Special Guest mit dabei ist als Entertainer Markus Maria Profitlich. Beginn ist um 20.00 Uhr. Nach der kurzfristigen Absage der U. S. Air Forces in Europe Band &#8230; <a title=\"Big Band der Bundeswehr tritt am Nikolaustag in Mehrzweckhalle auf\" class=\"read-more\" href=\"http:\/\/875jahrekirchgoens.de\/?p=14014\" aria-label=\"Mehr Informationen \u00fcber Big Band der Bundeswehr tritt am Nikolaustag in Mehrzweckhalle auf\">Weiterlesen<\/a><\/p>\n","protected":false},"author":1,"featured_media":0,"comment_status":"closed","ping_status":"open","sticky":false,"template":"","format":"standard","meta":{"footnotes":""},"categories":[1],"tags":[],"class_list":["post-14014","post","type-post","status-publish","format-standard","hentry","category-infos"],"_links":{"self":[{"href":"http:\/\/875jahrekirchgoens.de\/index.php?rest_route=\/wp\/v2\/posts\/14014","targetHints":{"allow":["GET"]}}],"collection":[{"href":"http:\/\/875jahrekirchgoens.de\/index.php?rest_route=\/wp\/v2\/posts"}],"about":[{"href":"http:\/\/875jahrekirchgoens.de\/index.php?rest_route=\/wp\/v2\/types\/post"}],"author":[{"embeddable":true,"href":"http:\/\/875jahrekirchgoens.de\/index.php?rest_route=\/wp\/v2\/users\/1"}],"replies":[{"embeddable":true,"href":"http:\/\/875jahrekirchgoens.de\/index.php?rest_route=%2Fwp%2Fv2%2Fcomments&post=14014"}],"version-history":[{"count":1,"href":"http:\/\/875jahrekirchgoens.de\/index.php?rest_route=\/wp\/v2\/posts\/14014\/revisions"}],"predecessor-version":[{"id":14015,"href":"http:\/\/875jahrekirchgoens.de\/index.php?rest_route=\/wp\/v2\/posts\/14014\/revisions\/14015"}],"wp:attachment":[{"href":"http:\/\/875jahrekirchgoens.de\/index.php?rest_route=%2Fwp%2Fv2%2Fmedia&parent=14014"}],"wp:term":[{"taxonomy":"category","embeddable":true,"href":"http:\/\/875jahrekirchgoens.de\/index.php?rest_route=%2Fwp%2Fv2%2Fcategories&post=14014"},{"taxonomy":"post_tag","embeddable":true,"href":"http:\/\/875jahrekirchgoens.de\/index.php?rest_route=%2Fwp%2Fv2%2Ftags&post=14014"}],"curies":[{"name":"wp","href":"https:\/\/api.w.org\/{rel}","templated":true}]}}