{"id":14019,"date":"2023-12-10T15:14:00","date_gmt":"2023-12-10T15:14:00","guid":{"rendered":"http:\/\/875jahrekirchgoens.de\/?p=14019"},"modified":"2023-12-10T15:14:02","modified_gmt":"2023-12-10T15:14:02","slug":"anmeldung-zum-mittagstisch-13-12-2023","status":"publish","type":"post","link":"http:\/\/875jahrekirchgoens.de\/?p=14019","title":{"rendered":"Anmeldung zum Mittagstisch 13.12.2023"},"content":{"rendered":"\n<p>Kirch-\/Pohl-G\u00f6ns. Anmeldungen f\u00fcr den Miteinander-Mittagstisch am Mittwoch, 13. Dezember, ab 12.00 Uhr sind noch bis Donnerstag, 7. Dezember, \u00fcber das Gemeindeb\u00fcro m\u00f6glich, Tel. 06033-60941, oder per E-Mail: <a href=\"mailto:gemeindebuero@evkpg.de\">gemeindebuero@evkpg.de<\/a>. Au\u00dferhalb der B\u00fcrozeiten auf den Anrufbeantworter sprechen. Namen und Anzahl der Essensbestellungen nennen. Es sind nur noch wenige Pl\u00e4tze verf\u00fcgbar. Es wird ein weihnachtliches \u00dcberraschungsmen\u00fc mit zwei kurzen Programm-Beitr\u00e4ge geben. Daher ein wenig mehr Zeit einplanen.<\/p>\n\n\n\n<p>Quelle: Butzbacher Zeitung vom 2. Dezember 2023<\/p>\n","protected":false},"excerpt":{"rendered":"<p>Kirch-\/Pohl-G\u00f6ns. Anmeldungen f\u00fcr den Miteinander-Mittagstisch am Mittwoch, 13. Dezember, ab 12.00 Uhr sind noch bis Donnerstag, 7. Dezember, \u00fcber das Gemeindeb\u00fcro m\u00f6glich, Tel. 06033-60941, oder per E-Mail: gemeindebuero@evkpg.de. Au\u00dferhalb der B\u00fcrozeiten auf den Anrufbeantworter sprechen. Namen und Anzahl der Essensbestellungen nennen. Es sind nur noch wenige Pl\u00e4tze verf\u00fcgbar. Es wird ein weihnachtliches \u00dcberraschungsmen\u00fc mit zwei &#8230; <a title=\"Anmeldung zum Mittagstisch 13.12.2023\" class=\"read-more\" href=\"http:\/\/875jahrekirchgoens.de\/?p=14019\" aria-label=\"Mehr Informationen \u00fcber Anmeldung zum Mittagstisch 13.12.2023\">Weiterlesen<\/a><\/p>\n","protected":false},"author":1,"featured_media":0,"comment_status":"closed","ping_status":"open","sticky":false,"template":"","format":"standard","meta":{"footnotes":""},"categories":[1],"tags":[],"class_list":["post-14019","post","type-post","status-publish","format-standard","hentry","category-infos"],"_links":{"self":[{"href":"http:\/\/875jahrekirchgoens.de\/index.php?rest_route=\/wp\/v2\/posts\/14019","targetHints":{"allow":["GET"]}}],"collection":[{"href":"http:\/\/875jahrekirchgoens.de\/index.php?rest_route=\/wp\/v2\/posts"}],"about":[{"href":"http:\/\/875jahrekirchgoens.de\/index.php?rest_route=\/wp\/v2\/types\/post"}],"author":[{"embeddable":true,"href":"http:\/\/875jahrekirchgoens.de\/index.php?rest_route=\/wp\/v2\/users\/1"}],"replies":[{"embeddable":true,"href":"http:\/\/875jahrekirchgoens.de\/index.php?rest_route=%2Fwp%2Fv2%2Fcomments&post=14019"}],"version-history":[{"count":1,"href":"http:\/\/875jahrekirchgoens.de\/index.php?rest_route=\/wp\/v2\/posts\/14019\/revisions"}],"predecessor-version":[{"id":14020,"href":"http:\/\/875jahrekirchgoens.de\/index.php?rest_route=\/wp\/v2\/posts\/14019\/revisions\/14020"}],"wp:attachment":[{"href":"http:\/\/875jahrekirchgoens.de\/index.php?rest_route=%2Fwp%2Fv2%2Fmedia&parent=14019"}],"wp:term":[{"taxonomy":"category","embeddable":true,"href":"http:\/\/875jahrekirchgoens.de\/index.php?rest_route=%2Fwp%2Fv2%2Fcategories&post=14019"},{"taxonomy":"post_tag","embeddable":true,"href":"http:\/\/875jahrekirchgoens.de\/index.php?rest_route=%2Fwp%2Fv2%2Ftags&post=14019"}],"curies":[{"name":"wp","href":"https:\/\/api.w.org\/{rel}","templated":true}]}}