{"id":14022,"date":"2023-12-10T15:15:34","date_gmt":"2023-12-10T15:15:34","guid":{"rendered":"http:\/\/875jahrekirchgoens.de\/?p=14022"},"modified":"2023-12-10T15:15:36","modified_gmt":"2023-12-10T15:15:36","slug":"kirch-goenser-weihnachtsbaum-steht","status":"publish","type":"post","link":"http:\/\/875jahrekirchgoens.de\/?p=14022","title":{"rendered":"Kirch-G\u00f6nser Weihnachtsbaum steht"},"content":{"rendered":"\n<figure class=\"wp-block-image size-full\"><img loading=\"lazy\" decoding=\"async\" width=\"240\" height=\"341\" src=\"http:\/\/875jahrekirchgoens.de\/wp-content\/uploads\/2023\/12\/weiBau-Bild1.png\" alt=\"\" class=\"wp-image-14021\" srcset=\"http:\/\/875jahrekirchgoens.de\/wp-content\/uploads\/2023\/12\/weiBau-Bild1.png 240w, http:\/\/875jahrekirchgoens.de\/wp-content\/uploads\/2023\/12\/weiBau-Bild1-211x300.png 211w\" sizes=\"auto, (max-width: 240px) 100vw, 240px\" \/><figcaption class=\"wp-element-caption\">Weihnachtsbaum in Kirch-G\u00f6ns steht\n\nP\u00fcnktlich zum ersten Advent hat das Organisationsteam des Weihnachtsmarktes Kirch-G\u00f6ns in Kooperation mit dem Heimat- und Backhausverein Kirch-G\u00f6ns den Weihnachtsbaum am Backhaus aufgestellt, beleuchtet und geschm\u00fcckt. Dieser hat am traditionellen Weihnachtsmarkt, der dieses Jahr am dritten Advent, Sonntag, 17. Dezember, ab 12.00 Uhr, im Kirch-G\u00f6nser Dorfmittelpunkt stattfindet, seinen H\u00f6hepunkt. \n\nQuelle: Butzbacher Zeitung vom 5. Dezember 2023, Bild: Janek Weinmann \/ Pohl-G\u00f6ns\n<\/figcaption><\/figure>\n","protected":false},"excerpt":{"rendered":"","protected":false},"author":1,"featured_media":0,"comment_status":"closed","ping_status":"open","sticky":false,"template":"","format":"standard","meta":{"footnotes":""},"categories":[1],"tags":[],"class_list":["post-14022","post","type-post","status-publish","format-standard","hentry","category-infos"],"_links":{"self":[{"href":"http:\/\/875jahrekirchgoens.de\/index.php?rest_route=\/wp\/v2\/posts\/14022","targetHints":{"allow":["GET"]}}],"collection":[{"href":"http:\/\/875jahrekirchgoens.de\/index.php?rest_route=\/wp\/v2\/posts"}],"about":[{"href":"http:\/\/875jahrekirchgoens.de\/index.php?rest_route=\/wp\/v2\/types\/post"}],"author":[{"embeddable":true,"href":"http:\/\/875jahrekirchgoens.de\/index.php?rest_route=\/wp\/v2\/users\/1"}],"replies":[{"embeddable":true,"href":"http:\/\/875jahrekirchgoens.de\/index.php?rest_route=%2Fwp%2Fv2%2Fcomments&post=14022"}],"version-history":[{"count":1,"href":"http:\/\/875jahrekirchgoens.de\/index.php?rest_route=\/wp\/v2\/posts\/14022\/revisions"}],"predecessor-version":[{"id":14023,"href":"http:\/\/875jahrekirchgoens.de\/index.php?rest_route=\/wp\/v2\/posts\/14022\/revisions\/14023"}],"wp:attachment":[{"href":"http:\/\/875jahrekirchgoens.de\/index.php?rest_route=%2Fwp%2Fv2%2Fmedia&parent=14022"}],"wp:term":[{"taxonomy":"category","embeddable":true,"href":"http:\/\/875jahrekirchgoens.de\/index.php?rest_route=%2Fwp%2Fv2%2Fcategories&post=14022"},{"taxonomy":"post_tag","embeddable":true,"href":"http:\/\/875jahrekirchgoens.de\/index.php?rest_route=%2Fwp%2Fv2%2Ftags&post=14022"}],"curies":[{"name":"wp","href":"https:\/\/api.w.org\/{rel}","templated":true}]}}