{"id":14039,"date":"2023-12-11T13:14:22","date_gmt":"2023-12-11T13:14:22","guid":{"rendered":"http:\/\/875jahrekirchgoens.de\/?p=14039"},"modified":"2023-12-11T13:14:24","modified_gmt":"2023-12-11T13:14:24","slug":"kirch-goenser-dorfchronik-wurde-digitalisiert","status":"publish","type":"post","link":"http:\/\/875jahrekirchgoens.de\/?p=14039","title":{"rendered":"Kirch-G\u00f6nser Dorfchronik wurde digitalisiert"},"content":{"rendered":"\n<p>(Mz.) Gro\u00dfes Publikumsinteresse fand im Juni 2000 die offizielle Vorstellung der Kirch-G\u00f6nser Dorfchronik. In der Gastst\u00e4tte Maiwald war der Saal bis auf den letzten Platz gef\u00fcllt, als die Autoren (Gertrude Sang, J\u00fcrgen R\u00fchl, Werner R\u00fchl, Anita R\u00f6hrig, Werner Reusch, Dieter Pfeiffer und Dr. Dieter Wolf ) das Buch pr\u00e4sentierten. Die Dorfchronik wurde aus Anlass der Kirch-G\u00f6nser 850-Jahrfeier vom Chronikausschuss, im Auftrag der Interessengemeinschaft Kirch-G\u00f6nser Vereine, herausgegeben. 280 Seiten, 17 Kapiteln mit rund 400 Fotos aus 120 Jahren sowie mehrere Zeichnungen enth\u00e4lt dieses Buch. Die Dokumentation wurde zum damaligen Zeitpunkt f\u00fcr 49,- DM verkauft. Man bedankte sich beim Zustandekommen der Chronik bei den beteiligten Firmen f\u00fcr ihre Unterst\u00fctzung. Das war zum einen das Satzstudio \u201eDie Feder\u201c in Wetzlar-Nauborn und zum anderen das \u201eDruckhaus Gratzfeld\u201c in Butzbach. Das Griedeler Ehepaar Gail und Wilfried Schunk berichteten \u00fcber den derzeitigen Stand der fr\u00fchgeschichtlichen Forschungen in Kirch-G\u00f6ns und Gemarkung. Der 1928 geborene Werner R\u00fchl trug so manches zur Chronik bei. Kapitel wie \u201eH\u00e4user, Pl\u00e4tze und ihre Namen hatte er ebenso geschrieben wie \u201eNeck- und Beinamen und Anekdoten\u201c sowie \u201eLeben und Arbeiten im Dorf und auf dem Feld\u201c. Mit seiner Arbeit hielt Werner R\u00fchl Erinnerungen fest, dies sonst wohl verloren gegangen w\u00e4ren. Dieter Pfeiffer, der u. a. ein Kapitel \u00fcber den Bau der Eisenbahn geschrieben hatte, berichtete \u00fcber die gro\u00dfe Hilfsbereitschaft der Kirch-G\u00f6nser Bev\u00f6lkerung bei der Suche nach historischen Fotos und der Identifizierung der darauf abgelichteten Personen. Gertrude Sang, die \u00fcber die Geschichte der Kirch-G\u00f6nser Schulen geschrieben hatte und das Schicksal von Heimatvertriebenen in Kirch-G\u00f6ns nachzeichnete, konnte bei Ihren Kapiteln auf pers\u00f6nliche Erfahrungen zur\u00fcckgreifen. Werner Reusch, der mehrere umfangreiche Kapitel zur Chronik beisteuerte, wies ebenfalls auf die Hilfsbereitschaft der Kirch-G\u00f6nser hin. Er war f\u00fcr Kapitel wie \u201eDer Flugplatz auf der Ochsenharb\u201c, \u201eGefallene und Vermisste der beiden Weltkriege\u201c, \u201eKriegsgefangene und Zwangsarbeiter\u201c sowie \u201eDie Zeit von 1920 \u2013 1945\u201c verantwortlich. Die Arbeit an dem Kapitel \u201eKirch-G\u00f6nser Wirtschaften\u201c hatte ihm besonderen Spa\u00df bereitet. Sehr ausf\u00fchrlich hatte der damalige Leiter des Butzbacher Museums, Dr. Dieter Wolf, in der Chronik die Kirch-G\u00f6nser Dorfgeschichte dargestellt. In seiner Dorfgeschichte hatte Wolf gro\u00dfen Wert auf die Kl\u00e4rung einiger Fragen der fr\u00fchmittelalterlichen Dorfentwicklung gelegt. Mit der Chronik, so Wolf, sei ein guter Teil der Defizite beim Wissen um die Entwicklung des eigenen Dorfes, seiner Geschichte, behoben worden. Dr. Wolf hatte sich die M\u00fche gemacht und die Fotos der Dorfchronik einer gewissen Statistik unterzogen. Danach sind 2.780 Kirch-G\u00f6nser und Kirch-G\u00f6nserinnen zu sehen. In H\u00fcttenberger Tracht sind 273 M\u00e4dchen und Frauen wiedergegeben. Die f\u00fcr den H\u00fcttenberg so typisch hohen Tore sind auf 108 Aufnahmen zu sehen. Dr. Wolf hatte die Fotos noch auf viele andere Details untersucht und ausgez\u00e4hlt, so unter anderem acht K\u00fche, die ausschlie\u00dflich als Zugtiere gezeigt wurden.<\/p>\n\n\n\n<p>Aus Gr\u00fcnden der Nachhaltigkeit wurde vom jetzigen IG-Werbeausschuss nunmehr beschlossen, dass ein Nachdruck nicht mehr erfolgt. Daf\u00fcr wurde das Werk digitalisiert und nachdem alle Autoren der Ver\u00f6ffentlichung zugestimmt haben, kann die Chronik nunmehr unter <a href=\"http:\/\/www.875jahrekirchgoens.de\">www.875jahrekirchgoens.de<\/a> jederzeit online eingesehen werden. Die IG informierte: \u201eWir wollen bewusst mit unseren Ressourcen umgehen und verantwortungsvoll handeln\u201c. Im Zuge der Vorbereitungen zur 875-Jahrfeier im Jahre 2025 sucht der Chronikausschuss weiterhin Material (Zeitungsberichte \u00fcber Kirch-G\u00f6ns ab dem Jahre 2000 \u2013 2022). Gerne k\u00f6nnen Beitr\u00e4ge unter <a href=\"mailto:info@875jahrekirchgoens.de\">info@875jahrekirchgoens.de<\/a> zur Verf\u00fcgung gestellt werden. Wir freuen uns \u00fcber jeden Beitrag, teilte Thorsten Metz vom IG-Chronikausschuss gegen\u00fcber der BZ mit.<\/p>\n\n\n\n<figure class=\"wp-block-image size-full\"><img loading=\"lazy\" decoding=\"async\" width=\"542\" height=\"812\" src=\"http:\/\/875jahrekirchgoens.de\/wp-content\/uploads\/2023\/12\/Titelbild-850-Jahre-Kirch-Goens.png\" alt=\"\" class=\"wp-image-14032\" srcset=\"http:\/\/875jahrekirchgoens.de\/wp-content\/uploads\/2023\/12\/Titelbild-850-Jahre-Kirch-Goens.png 542w, http:\/\/875jahrekirchgoens.de\/wp-content\/uploads\/2023\/12\/Titelbild-850-Jahre-Kirch-Goens-200x300.png 200w\" sizes=\"auto, (max-width: 542px) 100vw, 542px\" \/><figcaption class=\"wp-element-caption\">Titelbild \u201e850 Jahre Kirch-G\u00f6ns \u2013 Eine Dorfchronik\u201c\n280 Seiten, 17 Kapiteln mit rund 400 Fotos aus 120 Jahren sowie mehrere Zeichnungen enth\u00e4lt dieses Buch.<\/figcaption><\/figure>\n","protected":false},"excerpt":{"rendered":"<p>(Mz.) Gro\u00dfes Publikumsinteresse fand im Juni 2000 die offizielle Vorstellung der Kirch-G\u00f6nser Dorfchronik. In der Gastst\u00e4tte Maiwald war der Saal bis auf den letzten Platz gef\u00fcllt, als die Autoren (Gertrude Sang, J\u00fcrgen R\u00fchl, Werner R\u00fchl, Anita R\u00f6hrig, Werner Reusch, Dieter Pfeiffer und Dr. Dieter Wolf ) das Buch pr\u00e4sentierten. Die Dorfchronik wurde aus Anlass der &#8230; <a title=\"Kirch-G\u00f6nser Dorfchronik wurde digitalisiert\" class=\"read-more\" href=\"http:\/\/875jahrekirchgoens.de\/?p=14039\" aria-label=\"Mehr Informationen \u00fcber Kirch-G\u00f6nser Dorfchronik wurde digitalisiert\">Weiterlesen<\/a><\/p>\n","protected":false},"author":1,"featured_media":0,"comment_status":"closed","ping_status":"open","sticky":false,"template":"","format":"standard","meta":{"footnotes":""},"categories":[1],"tags":[],"class_list":["post-14039","post","type-post","status-publish","format-standard","hentry","category-infos"],"_links":{"self":[{"href":"http:\/\/875jahrekirchgoens.de\/index.php?rest_route=\/wp\/v2\/posts\/14039","targetHints":{"allow":["GET"]}}],"collection":[{"href":"http:\/\/875jahrekirchgoens.de\/index.php?rest_route=\/wp\/v2\/posts"}],"about":[{"href":"http:\/\/875jahrekirchgoens.de\/index.php?rest_route=\/wp\/v2\/types\/post"}],"author":[{"embeddable":true,"href":"http:\/\/875jahrekirchgoens.de\/index.php?rest_route=\/wp\/v2\/users\/1"}],"replies":[{"embeddable":true,"href":"http:\/\/875jahrekirchgoens.de\/index.php?rest_route=%2Fwp%2Fv2%2Fcomments&post=14039"}],"version-history":[{"count":1,"href":"http:\/\/875jahrekirchgoens.de\/index.php?rest_route=\/wp\/v2\/posts\/14039\/revisions"}],"predecessor-version":[{"id":14040,"href":"http:\/\/875jahrekirchgoens.de\/index.php?rest_route=\/wp\/v2\/posts\/14039\/revisions\/14040"}],"wp:attachment":[{"href":"http:\/\/875jahrekirchgoens.de\/index.php?rest_route=%2Fwp%2Fv2%2Fmedia&parent=14039"}],"wp:term":[{"taxonomy":"category","embeddable":true,"href":"http:\/\/875jahrekirchgoens.de\/index.php?rest_route=%2Fwp%2Fv2%2Fcategories&post=14039"},{"taxonomy":"post_tag","embeddable":true,"href":"http:\/\/875jahrekirchgoens.de\/index.php?rest_route=%2Fwp%2Fv2%2Ftags&post=14039"}],"curies":[{"name":"wp","href":"https:\/\/api.w.org\/{rel}","templated":true}]}}