{"id":14044,"date":"2023-12-12T13:33:53","date_gmt":"2023-12-12T13:33:53","guid":{"rendered":"http:\/\/875jahrekirchgoens.de\/?p=14044"},"modified":"2023-12-12T13:33:55","modified_gmt":"2023-12-12T13:33:55","slug":"adventsradio-in-der-goenser-grundschule","status":"publish","type":"post","link":"http:\/\/875jahrekirchgoens.de\/?p=14044","title":{"rendered":"Adventsradio in der G\u00f6nser Grundschule"},"content":{"rendered":"\n<p>In den Adventswochen gibt es an der G\u00f6nser Grundschule eine schon liebgewonnene Tradition. Jeden Morgen, f\u00fcr zehn bis 15 Minuten, veranstalten die Klassen ein selbst organisiertes Adventsradio. Dort pr\u00e4sentiert jede Klassenstufe ein Programm, das sie sich eigenst\u00e4ndig \u00fcberlegt hat und f\u00fcr deren Durchf\u00fchrung ist sie auch verantwortlich. <\/p>\n\n\n\n<p>Da werden Weihnachtslieder auf dem eigenen Instrument gespielt, Gedichte vorgetragen, die sogar selbst gedichtet wurden, Geschichten vorgelegen, Interviews gef\u00fchrt und nat\u00fcrlich werden auch hier Weihnachtslieder von CD gespielt. <\/p>\n\n\n\n<p>Jede Klasse nimmt die Sache sehr ernst, ist mit viel Eifer und Spa\u00df dabei und es kommt immer ein gro\u00dfes Potpourri von Beitragen zusammen. Jeden Morgen freuen sich alle Schuler schon, wenn es wieder hei\u00dft: ,,Guten Morgen GGS, dies ist euer Adventsradio.&#8220;<\/p>\n\n\n\n<p>Quelle und Bild: Butzbacher Zeitung vom 11. Dezember 2023<\/p>\n\n\n\n<figure class=\"wp-block-image size-large\"><img loading=\"lazy\" decoding=\"async\" width=\"1024\" height=\"892\" src=\"http:\/\/875jahrekirchgoens.de\/wp-content\/uploads\/2023\/12\/GGS-ADV-Bild1-1024x892.jpg\" alt=\"\" class=\"wp-image-14045\" srcset=\"http:\/\/875jahrekirchgoens.de\/wp-content\/uploads\/2023\/12\/GGS-ADV-Bild1-1024x892.jpg 1024w, http:\/\/875jahrekirchgoens.de\/wp-content\/uploads\/2023\/12\/GGS-ADV-Bild1-300x261.jpg 300w, http:\/\/875jahrekirchgoens.de\/wp-content\/uploads\/2023\/12\/GGS-ADV-Bild1-768x669.jpg 768w, http:\/\/875jahrekirchgoens.de\/wp-content\/uploads\/2023\/12\/GGS-ADV-Bild1.jpg 1278w\" sizes=\"auto, (max-width: 1024px) 100vw, 1024px\" \/><\/figure>\n","protected":false},"excerpt":{"rendered":"<p>In den Adventswochen gibt es an der G\u00f6nser Grundschule eine schon liebgewonnene Tradition. Jeden Morgen, f\u00fcr zehn bis 15 Minuten, veranstalten die Klassen ein selbst organisiertes Adventsradio. Dort pr\u00e4sentiert jede Klassenstufe ein Programm, das sie sich eigenst\u00e4ndig \u00fcberlegt hat und f\u00fcr deren Durchf\u00fchrung ist sie auch verantwortlich. Da werden Weihnachtslieder auf dem eigenen Instrument gespielt, &#8230; <a title=\"Adventsradio in der G\u00f6nser Grundschule\" class=\"read-more\" href=\"http:\/\/875jahrekirchgoens.de\/?p=14044\" aria-label=\"Mehr Informationen \u00fcber Adventsradio in der G\u00f6nser Grundschule\">Weiterlesen<\/a><\/p>\n","protected":false},"author":1,"featured_media":0,"comment_status":"closed","ping_status":"open","sticky":false,"template":"","format":"standard","meta":{"footnotes":""},"categories":[1],"tags":[],"class_list":["post-14044","post","type-post","status-publish","format-standard","hentry","category-infos"],"_links":{"self":[{"href":"http:\/\/875jahrekirchgoens.de\/index.php?rest_route=\/wp\/v2\/posts\/14044","targetHints":{"allow":["GET"]}}],"collection":[{"href":"http:\/\/875jahrekirchgoens.de\/index.php?rest_route=\/wp\/v2\/posts"}],"about":[{"href":"http:\/\/875jahrekirchgoens.de\/index.php?rest_route=\/wp\/v2\/types\/post"}],"author":[{"embeddable":true,"href":"http:\/\/875jahrekirchgoens.de\/index.php?rest_route=\/wp\/v2\/users\/1"}],"replies":[{"embeddable":true,"href":"http:\/\/875jahrekirchgoens.de\/index.php?rest_route=%2Fwp%2Fv2%2Fcomments&post=14044"}],"version-history":[{"count":1,"href":"http:\/\/875jahrekirchgoens.de\/index.php?rest_route=\/wp\/v2\/posts\/14044\/revisions"}],"predecessor-version":[{"id":14046,"href":"http:\/\/875jahrekirchgoens.de\/index.php?rest_route=\/wp\/v2\/posts\/14044\/revisions\/14046"}],"wp:attachment":[{"href":"http:\/\/875jahrekirchgoens.de\/index.php?rest_route=%2Fwp%2Fv2%2Fmedia&parent=14044"}],"wp:term":[{"taxonomy":"category","embeddable":true,"href":"http:\/\/875jahrekirchgoens.de\/index.php?rest_route=%2Fwp%2Fv2%2Fcategories&post=14044"},{"taxonomy":"post_tag","embeddable":true,"href":"http:\/\/875jahrekirchgoens.de\/index.php?rest_route=%2Fwp%2Fv2%2Ftags&post=14044"}],"curies":[{"name":"wp","href":"https:\/\/api.w.org\/{rel}","templated":true}]}}