{"id":14051,"date":"2012-03-23T14:04:00","date_gmt":"2012-03-23T14:04:00","guid":{"rendered":"http:\/\/875jahrekirchgoens.de\/?p=14051"},"modified":"2023-12-12T14:05:33","modified_gmt":"2023-12-12T14:05:33","slug":"mit-claudia-binzer-geht-gesangverein-kirch-goens-ins-jubilaeumsjahr","status":"publish","type":"post","link":"http:\/\/875jahrekirchgoens.de\/?p=14051","title":{"rendered":"Mit Claudia Binzer geht Gesangverein Kirch-G\u00f6ns ins Jubil\u00e4umsjahr"},"content":{"rendered":"\n<p><em>Sie trat Nachfolge von Hanni Frischmuth an \/ Verein feiert 150. Geburtstag<\/em><\/p>\n\n\n\n<p>Untere der letztmaligen Leitung der 1. Vorsitzenden Hanni Frischmuth verlief die diesj\u00e4hrige Mitgliederversammlung des Gesangverein 1862 Kirch-G\u00f6ns in gro\u00dfer Einm\u00fctigkeit.<\/p>\n\n\n\n<p>Seit \u00fcber 30 Jahren stand Hanni Frischmuth dem Vorstand in verschiedenen \u00c4mtern zur Verf\u00fcgung, ehe sie 2009 zur Vorsitzenden gew\u00e4hlt wurde. Den Frauenchor hatte sie 1978 mit Gegr\u00fcndet. In diesem Jahr gab sie den Vorsitz ab und machte Platz f\u00fcr junge Kr\u00e4fte.&nbsp;<\/p>\n\n\n\n<p>Die Versammlung gedachte zun\u00e4chst der verstorbenen Mitglieder Annemarie Einh\u00e4user, Gerhard Langsdorf, Gertrude Sang und Gretel Will.<\/p>\n\n\n\n<p>Ein besonderer Willkommensgru\u00df galt der Dirigentin Ulla Knoop. In ihrem letzten Jahresbericht lie\u00df Hanni Frischmuth noch einmal die vielf\u00e4ltigen Aufgaben und Veranstaltungen des vergangenen Jahres Revue passieren, die neben zahlreichen Auftritten zu Feierlichkeiten und Festen im Dorf das Singen zu pers\u00f6nlichen Feien einschlossen. Sowohl der Gemischte Chor als auch der Gospelchor bereicherten Gottesdienste der Kirchengemeinde und tr\u00f6steten Trauernde bei Trauerfeiern. In ihrem Bericht wurde die ganze Breite der Aufgaben der beiden Chore noch einmal deutlich.<\/p>\n\n\n\n<p>Ebenfalls zum letzten Mal erstattete Rudi Weber den Kassenbericht. Leider stehe aus dem Jahr 2011 ein kleines Minus zu Buche, da die Ausgaben deutlich gestiegen seien. Die beiden Kassenpr\u00fcfer Karin Binzer und Moritz Otto bescheinigten dem scheidenden Schatzmeister eine korrekte und transparente Buchf\u00fchrung und beantragten f\u00fcr ihn und den gesamten Vorstand die Entlastung, die die Versammlung einstimmig aussprach.<\/p>\n\n\n\n<p>Z\u00fcgig und ohne gro\u00dfe Debatten verlief die Neuwahl des. Vorstandes. Neue erste Vorsitzende wurde Claudia Binzer, womit eine deutliche Verj\u00fcngung eingeleitet wurde. Das beweist auch die Wahl des 2. Vorsitzenden Moritz Otto. F\u00fcr den ausscheitenden Rudi Weber wurde Harald Eckhard zum 1. Kassenwart gew\u00e4hlt, seine Stellvertreterin wurde Margit Eckhard. Die Schriftf\u00fchrung \u00fcbernimmt J\u00fcrgen R\u00fchl. So ganz aufh\u00f6ren wollte Hanni Frischmut nicht, deshalb stellte sie sich neben Herbert Alles, Gerhard Eckhard und Monika Theil als Beisitzerin zur Verf\u00fcgung.<\/p>\n\n\n\n<p>Die neue Vorsitzende bedankte sich mit einem Blumenstrau\u00df bei Hanni Frischmuth f\u00fcr die jahrelange tatkr\u00e4ftige Mitarbeit im Vorstand und hofft auf die Unterst\u00fctzung f\u00fcr das Jubil\u00e4umsjahr. Sie bedankte sich auch beim scheidenden Kassenwart Rudi Weber und dankte f\u00fcr seine korrekte Arbeit. Hanni Frischmuth begr\u00fc\u00dfte die neue Vorsitzende mit einem Blumengru\u00df und w\u00fcnschte ihrer Arbeit frische Ideen und Durchhalteverm\u00f6gen.<\/p>\n\n\n\n<p>Als erste Aufgabe nahm Claudia Binzer die Ehrungen vor. Zum Ehrenmitglied wurde Erika Bruckner ernannt.&nbsp; Gerhard Eckhard wurde f\u00fcr 40j\u00e4hrige aktive Singert\u00e4tigkeit geehrt. F\u00fcr ihre vorbildliche Einstellung zum Probenbesuch wurden Maria Schindler, Petra Seidel und Hanni Frischmuth anerkennend erw\u00e4hnt. Sie hatten kaum eine \u00dcbungsstunde vers\u00e4umt.<\/p>\n\n\n\n<p>Die Mitgliederversammlung endete mit einem Ausblick auf Jahr 2012, das Jubil\u00e4umsjahr. Am 24. Juni wird Ulla Knopp mit dem Gospelchor \u201eLet it shine\u201c in der Kirch-G\u00f6nser Kirche ein gro\u00dfes Konzert singen. Am 29. September findet das Hauptereignis des Jubil\u00e4umsjahres in der Alten Turnhalle in Butzbach statt mit einem Konzert des GV 1862 und befreundeten Ch\u00f6ren.<\/p>\n\n\n\n<p>Ein wenig geheimnisvoll ist noch ein Konzert, dass der Gospelchor zusammen mit anderen Gospelch\u00f6ren, die von Ulla Knoop betreut werden, zum Ende des Jahres gestalten will. Den Verein erwartet ein gef\u00fclltes Jubil\u00e4umsjahr. Die guten W\u00fcnsche f\u00fcr ein gelingendes Jahr galt dem neuen Vorstand.<\/p>\n\n\n\n<p>Quelle und Bilder: Butzbacher Zeitung vom 23. M\u00e4rz 2012<\/p>\n\n\n\n<figure class=\"wp-block-image size-full\"><img loading=\"lazy\" decoding=\"async\" width=\"653\" height=\"388\" src=\"http:\/\/875jahrekirchgoens.de\/wp-content\/uploads\/2023\/12\/GesVe-Bild1.jpg\" alt=\"\" class=\"wp-image-14050\" srcset=\"http:\/\/875jahrekirchgoens.de\/wp-content\/uploads\/2023\/12\/GesVe-Bild1.jpg 653w, http:\/\/875jahrekirchgoens.de\/wp-content\/uploads\/2023\/12\/GesVe-Bild1-300x178.jpg 300w\" sizes=\"auto, (max-width: 653px) 100vw, 653px\" \/><figcaption class=\"wp-element-caption\">Der neu gew\u00e4hlte Vorstand des Gesangvereins (v. l.): Margit Eckhard, Gerhard Eckhard, Claudia Binzer, Harald Eckhard, Hanni Frischmuth, Moritz Otto, Herbert Alles und J\u00fcrgen R\u00fchl, auf dem Foto fehlt Monika Theil. <\/figcaption><\/figure>\n\n\n\n<figure class=\"wp-block-image size-full\"><img loading=\"lazy\" decoding=\"async\" width=\"612\" height=\"385\" src=\"http:\/\/875jahrekirchgoens.de\/wp-content\/uploads\/2023\/12\/GesVe-Bild2.jpg\" alt=\"\" class=\"wp-image-14049\" srcset=\"http:\/\/875jahrekirchgoens.de\/wp-content\/uploads\/2023\/12\/GesVe-Bild2.jpg 612w, http:\/\/875jahrekirchgoens.de\/wp-content\/uploads\/2023\/12\/GesVe-Bild2-300x189.jpg 300w\" sizes=\"auto, (max-width: 612px) 100vw, 612px\" \/><figcaption class=\"wp-element-caption\">Die neue Vorsitzende des Gesangverein 18962 Kirch-G\u00f6ns Claudia Binzer (l.) \u00fcberreichte der bisherigen 1. Vorsitzenden Hanni Frischmuth einen Blumenstrau\u00df.<\/figcaption><\/figure>\n","protected":false},"excerpt":{"rendered":"<p>Sie trat Nachfolge von Hanni Frischmuth an \/ Verein feiert 150. Geburtstag Untere der letztmaligen Leitung der 1. Vorsitzenden Hanni Frischmuth verlief die diesj\u00e4hrige Mitgliederversammlung des Gesangverein 1862 Kirch-G\u00f6ns in gro\u00dfer Einm\u00fctigkeit. Seit \u00fcber 30 Jahren stand Hanni Frischmuth dem Vorstand in verschiedenen \u00c4mtern zur Verf\u00fcgung, ehe sie 2009 zur Vorsitzenden gew\u00e4hlt wurde. Den Frauenchor &#8230; <a title=\"Mit Claudia Binzer geht Gesangverein Kirch-G\u00f6ns ins Jubil\u00e4umsjahr\" class=\"read-more\" href=\"http:\/\/875jahrekirchgoens.de\/?p=14051\" aria-label=\"Mehr Informationen \u00fcber Mit Claudia Binzer geht Gesangverein Kirch-G\u00f6ns ins Jubil\u00e4umsjahr\">Weiterlesen<\/a><\/p>\n","protected":false},"author":1,"featured_media":0,"comment_status":"closed","ping_status":"open","sticky":false,"template":"","format":"standard","meta":{"footnotes":""},"categories":[1],"tags":[],"class_list":["post-14051","post","type-post","status-publish","format-standard","hentry","category-infos"],"_links":{"self":[{"href":"http:\/\/875jahrekirchgoens.de\/index.php?rest_route=\/wp\/v2\/posts\/14051","targetHints":{"allow":["GET"]}}],"collection":[{"href":"http:\/\/875jahrekirchgoens.de\/index.php?rest_route=\/wp\/v2\/posts"}],"about":[{"href":"http:\/\/875jahrekirchgoens.de\/index.php?rest_route=\/wp\/v2\/types\/post"}],"author":[{"embeddable":true,"href":"http:\/\/875jahrekirchgoens.de\/index.php?rest_route=\/wp\/v2\/users\/1"}],"replies":[{"embeddable":true,"href":"http:\/\/875jahrekirchgoens.de\/index.php?rest_route=%2Fwp%2Fv2%2Fcomments&post=14051"}],"version-history":[{"count":1,"href":"http:\/\/875jahrekirchgoens.de\/index.php?rest_route=\/wp\/v2\/posts\/14051\/revisions"}],"predecessor-version":[{"id":14052,"href":"http:\/\/875jahrekirchgoens.de\/index.php?rest_route=\/wp\/v2\/posts\/14051\/revisions\/14052"}],"wp:attachment":[{"href":"http:\/\/875jahrekirchgoens.de\/index.php?rest_route=%2Fwp%2Fv2%2Fmedia&parent=14051"}],"wp:term":[{"taxonomy":"category","embeddable":true,"href":"http:\/\/875jahrekirchgoens.de\/index.php?rest_route=%2Fwp%2Fv2%2Fcategories&post=14051"},{"taxonomy":"post_tag","embeddable":true,"href":"http:\/\/875jahrekirchgoens.de\/index.php?rest_route=%2Fwp%2Fv2%2Ftags&post=14051"}],"curies":[{"name":"wp","href":"https:\/\/api.w.org\/{rel}","templated":true}]}}