{"id":14055,"date":"2016-07-28T14:12:00","date_gmt":"2016-07-28T14:12:00","guid":{"rendered":"http:\/\/875jahrekirchgoens.de\/?p=14055"},"modified":"2023-12-12T14:15:07","modified_gmt":"2023-12-12T14:15:07","slug":"22-222-tage-cafe-maiwald-in-kirch-goens","status":"publish","type":"post","link":"http:\/\/875jahrekirchgoens.de\/?p=14055","title":{"rendered":"22.222 Tage Caf\u00e9 Maiwald in Kirch-G\u00f6ns"},"content":{"rendered":"\n<p><em>Am Sonntag, 31. Juli 2016, Jubil\u00e4umsparty<\/em><\/p>\n\n\n\n<p>Seit 22.222 Tagen besteht die Kirch-G\u00f6nser Institution \u201eCaf\u00e9 Maiwald\u201c in der Bahnhofstra\u00dfe, seit Jahrzehnten eine Dorfkneipe im besten Sinne des Wortes.<\/p>\n\n\n\n<p>So wie sie Peter Alexander einst in seinem Lied \u201eDie kleine Kneipe\u201c in unserer Stra\u00dfe besungen hat. Am kommenden Sonntag, 31. Juli, findet ab 11.00 Uhr in der Gastst\u00e4tte eine Jubil\u00e4umsparty statt, zu der die Bev\u00f6lkerung eingeladen ist.<\/p>\n\n\n\n<p>In vielen D\u00f6rfern nah und fern existiert schon lange keine Kneipe mehr, wo man einfach nur sein Feierabendbierchen, seinen Apfelwein oder andere Getr\u00e4nke zu sich nehmen, mit anderen G\u00e4sten ein Schw\u00e4tzchen halten und eine Runde Dart werfen oder Skat dreschen kann.<\/p>\n\n\n\n<p>Nicht so in Kirch-G\u00f6ns, wo die Br\u00fcder Peter und Rainer Maiwald zur gro\u00dfen Freude ihrer Kundschaft auch weiterhin die Gastst\u00e4tte offenhalten. Diese wurde von ihren Eltern Toni und Walter Maiwald 1955 als Caf\u00e9 er\u00f6ffnet. Doch schon bald zeigte sich, dass eine weitere Kneipe in Kirch-G\u00f6ns gefragter war. So wandelte sich das Caf\u00e9 in eine Gastst\u00e4tte, eine Dorfkneipe, doch der Name \u201eCaf\u00e9\u201c blieb bis heute erhalten.<\/p>\n\n\n\n<p>Durch einen Saalanbau wurde 1974 das Lokal erweitertet und seitdem fanden unz\u00e4hlige Familien- und Vereinsfeiern dort statt. Von 1955 bis 1966 wurde im Caf\u00e9 Weilburger Lord Pils ausgeschenkt, danach und seit nunmehr 50 Jahren Biere der Lichter Privatbrauerei. Was es jetzt neben dem Geburtstag auch zu feiern gibt.<\/p>\n\n\n\n<p>Eine Dorfwirtin aus Berufung war die geb\u00fcrtige Kirch-G\u00f6nserin Toni Maiwald, geb. M\u00f6ckel, im ganzen H\u00fcttenberger Land eine bekannte Pers\u00f6nlichkeit. Sie konnte mit allen G\u00e4sten umgehen, nahm diese mit ihrem Herzen auf dem rechten Fleck und immer dem richtigen Spruch auf der Zunge im positivsten Sinne f\u00fcr sich ein. Sie und ihr Ehemann Walter machten das Caf\u00e9 zu einem Kirch-G\u00f6nser Dorfmittelpunkt.<\/p>\n\n\n\n<p>Die anderen Kneipen im Ort schlossen nach und nach, doch das Caf\u00e9 Maiwald blieb offen. Und das auch, als Toni Maiwald in ihren letzten Lebensjahren durch ein schweres Augenleiden gezwungen war, ihren S\u00f6hnen Peter und Rainer die F\u00fchrung zu \u00fcberlassen. Sie verstarb 2013 im 84. Lebensjahr. Anschlie\u00dfend fragten sich alle Stammg\u00e4ste, ob es denn weitergehe mit dem Caf\u00e9.<\/p>\n\n\n\n<p>Es ging weiter. Heute f\u00fchren Peter und Rainer Maiwald erfolgreiche die Dorfkneipe, in der auch neben Familienfeiern immer wieder einmal ganz besondere Veranstaltungen wie Rockkonzerte und Dartturniere stattfinden. Nach wir vor ist das Caf\u00e9 eine ganz besondere Institution in Kirch-G\u00f6ns und Vereinslokal von Kleintierzuchtverein, Turnverein, Feuerwehr, Quartermain, Dart Team Caf\u00e9 Bulls, Ex-Weg Pohl-G\u00f6ns und andere Gruppierungen.<\/p>\n\n\n\n<p>Quelle und Bild: Butzbacher Zeitung vom 28. Juli 2016<\/p>\n\n\n\n<figure class=\"wp-block-image size-full\"><img loading=\"lazy\" decoding=\"async\" width=\"284\" height=\"175\" src=\"http:\/\/875jahrekirchgoens.de\/wp-content\/uploads\/2023\/12\/Maiwald-Bild1.png\" alt=\"\" class=\"wp-image-14054\"\/><figcaption class=\"wp-element-caption\">Eine Ansichtskarte aus den 1950er Jahren zeigt das Kirch-G\u00f6nser Caf\u00e9 Maiwald, wie es zur Er\u00f6ffnung einst aussah. <\/figcaption><\/figure>\n","protected":false},"excerpt":{"rendered":"<p>Am Sonntag, 31. Juli 2016, Jubil\u00e4umsparty Seit 22.222 Tagen besteht die Kirch-G\u00f6nser Institution \u201eCaf\u00e9 Maiwald\u201c in der Bahnhofstra\u00dfe, seit Jahrzehnten eine Dorfkneipe im besten Sinne des Wortes. So wie sie Peter Alexander einst in seinem Lied \u201eDie kleine Kneipe\u201c in unserer Stra\u00dfe besungen hat. Am kommenden Sonntag, 31. Juli, findet ab 11.00 Uhr in der &#8230; <a title=\"22.222 Tage Caf\u00e9 Maiwald in Kirch-G\u00f6ns\" class=\"read-more\" href=\"http:\/\/875jahrekirchgoens.de\/?p=14055\" aria-label=\"Mehr Informationen \u00fcber 22.222 Tage Caf\u00e9 Maiwald in Kirch-G\u00f6ns\">Weiterlesen<\/a><\/p>\n","protected":false},"author":1,"featured_media":0,"comment_status":"closed","ping_status":"open","sticky":false,"template":"","format":"standard","meta":{"footnotes":""},"categories":[1],"tags":[],"class_list":["post-14055","post","type-post","status-publish","format-standard","hentry","category-infos"],"_links":{"self":[{"href":"http:\/\/875jahrekirchgoens.de\/index.php?rest_route=\/wp\/v2\/posts\/14055","targetHints":{"allow":["GET"]}}],"collection":[{"href":"http:\/\/875jahrekirchgoens.de\/index.php?rest_route=\/wp\/v2\/posts"}],"about":[{"href":"http:\/\/875jahrekirchgoens.de\/index.php?rest_route=\/wp\/v2\/types\/post"}],"author":[{"embeddable":true,"href":"http:\/\/875jahrekirchgoens.de\/index.php?rest_route=\/wp\/v2\/users\/1"}],"replies":[{"embeddable":true,"href":"http:\/\/875jahrekirchgoens.de\/index.php?rest_route=%2Fwp%2Fv2%2Fcomments&post=14055"}],"version-history":[{"count":1,"href":"http:\/\/875jahrekirchgoens.de\/index.php?rest_route=\/wp\/v2\/posts\/14055\/revisions"}],"predecessor-version":[{"id":14056,"href":"http:\/\/875jahrekirchgoens.de\/index.php?rest_route=\/wp\/v2\/posts\/14055\/revisions\/14056"}],"wp:attachment":[{"href":"http:\/\/875jahrekirchgoens.de\/index.php?rest_route=%2Fwp%2Fv2%2Fmedia&parent=14055"}],"wp:term":[{"taxonomy":"category","embeddable":true,"href":"http:\/\/875jahrekirchgoens.de\/index.php?rest_route=%2Fwp%2Fv2%2Fcategories&post=14055"},{"taxonomy":"post_tag","embeddable":true,"href":"http:\/\/875jahrekirchgoens.de\/index.php?rest_route=%2Fwp%2Fv2%2Ftags&post=14055"}],"curies":[{"name":"wp","href":"https:\/\/api.w.org\/{rel}","templated":true}]}}