{"id":14058,"date":"2023-12-12T14:22:40","date_gmt":"2023-12-12T14:22:40","guid":{"rendered":"http:\/\/875jahrekirchgoens.de\/?p=14058"},"modified":"2023-12-12T14:22:41","modified_gmt":"2023-12-12T14:22:41","slug":"weihnachtliche-dekoration-bei-der-volksbank","status":"publish","type":"post","link":"http:\/\/875jahrekirchgoens.de\/?p=14058","title":{"rendered":"Weihnachtliche Dekoration bei der Volksbank"},"content":{"rendered":"\n<p>In den Gesch\u00e4ftsstellen der Volksbank Butzbach eG ist in der Adventszeit wieder allerlei los.<\/p>\n\n\n\n<p>Es ist inzwischen schon eine sch\u00f6ne Tradition geworden, dass die Kinder der Kindertagesst\u00e4tten, Kindergarten und Kinderh\u00e4user im j\u00e4hrlichen Wechsel das weihnachtliche Schm\u00fccken in den Gesch\u00e4ftsstellen der Volksbank Butzbach \u00fcbernehmen. In diesem Jahr hat die Evangelische Kindertagesst\u00e4tte \u201eSonnenschein\u201c Pohl-G\u00f6ns die Gesch\u00e4ftsstelle in Kirch-\/Pohl-Gons mit weihnachtlichen Motiven an Tannenzweigen und an den Wanden dekoriert.<\/p>\n\n\n\n<p>Als Dankesch\u00f6n erhielt die Kindertagesst\u00e4tte \u201cSonnenschein\u201c eine Spende sowie zus\u00e4tzlich Sachgeschenke. Das Foto zeigt die Kinder der evangelischen Kindertagesst\u00e4tte \u201cSonnenschein\u201c Pohl-G\u00f6ns, die beim weihnachtlichen Schm\u00fccken in der Gesch\u00e4ftsstelle der Volksbank Butzbach in Kirch-\/Pohl-Gons viel Spa\u00df hatten und sich besonders \u00fcber die Geschenke freuten.<\/p>\n\n\n\n<p>Quelle und Bild: Butzbacher Zeitung vom 8. Dezember 2023<\/p>\n\n\n\n<figure class=\"wp-block-image size-full\"><img loading=\"lazy\" decoding=\"async\" width=\"267\" height=\"198\" src=\"http:\/\/875jahrekirchgoens.de\/wp-content\/uploads\/2023\/12\/VoBa-Bild1.png\" alt=\"\" class=\"wp-image-14059\"\/><\/figure>\n","protected":false},"excerpt":{"rendered":"<p>In den Gesch\u00e4ftsstellen der Volksbank Butzbach eG ist in der Adventszeit wieder allerlei los. Es ist inzwischen schon eine sch\u00f6ne Tradition geworden, dass die Kinder der Kindertagesst\u00e4tten, Kindergarten und Kinderh\u00e4user im j\u00e4hrlichen Wechsel das weihnachtliche Schm\u00fccken in den Gesch\u00e4ftsstellen der Volksbank Butzbach \u00fcbernehmen. In diesem Jahr hat die Evangelische Kindertagesst\u00e4tte \u201eSonnenschein\u201c Pohl-G\u00f6ns die Gesch\u00e4ftsstelle in &#8230; <a title=\"Weihnachtliche Dekoration bei der Volksbank\" class=\"read-more\" href=\"http:\/\/875jahrekirchgoens.de\/?p=14058\" aria-label=\"Mehr Informationen \u00fcber Weihnachtliche Dekoration bei der Volksbank\">Weiterlesen<\/a><\/p>\n","protected":false},"author":1,"featured_media":0,"comment_status":"closed","ping_status":"open","sticky":false,"template":"","format":"standard","meta":{"footnotes":""},"categories":[1],"tags":[],"class_list":["post-14058","post","type-post","status-publish","format-standard","hentry","category-infos"],"_links":{"self":[{"href":"http:\/\/875jahrekirchgoens.de\/index.php?rest_route=\/wp\/v2\/posts\/14058","targetHints":{"allow":["GET"]}}],"collection":[{"href":"http:\/\/875jahrekirchgoens.de\/index.php?rest_route=\/wp\/v2\/posts"}],"about":[{"href":"http:\/\/875jahrekirchgoens.de\/index.php?rest_route=\/wp\/v2\/types\/post"}],"author":[{"embeddable":true,"href":"http:\/\/875jahrekirchgoens.de\/index.php?rest_route=\/wp\/v2\/users\/1"}],"replies":[{"embeddable":true,"href":"http:\/\/875jahrekirchgoens.de\/index.php?rest_route=%2Fwp%2Fv2%2Fcomments&post=14058"}],"version-history":[{"count":1,"href":"http:\/\/875jahrekirchgoens.de\/index.php?rest_route=\/wp\/v2\/posts\/14058\/revisions"}],"predecessor-version":[{"id":14060,"href":"http:\/\/875jahrekirchgoens.de\/index.php?rest_route=\/wp\/v2\/posts\/14058\/revisions\/14060"}],"wp:attachment":[{"href":"http:\/\/875jahrekirchgoens.de\/index.php?rest_route=%2Fwp%2Fv2%2Fmedia&parent=14058"}],"wp:term":[{"taxonomy":"category","embeddable":true,"href":"http:\/\/875jahrekirchgoens.de\/index.php?rest_route=%2Fwp%2Fv2%2Fcategories&post=14058"},{"taxonomy":"post_tag","embeddable":true,"href":"http:\/\/875jahrekirchgoens.de\/index.php?rest_route=%2Fwp%2Fv2%2Ftags&post=14058"}],"curies":[{"name":"wp","href":"https:\/\/api.w.org\/{rel}","templated":true}]}}