{"id":14082,"date":"2019-07-30T11:40:00","date_gmt":"2019-07-30T11:40:00","guid":{"rendered":"http:\/\/875jahrekirchgoens.de\/?p=14082"},"modified":"2023-12-17T11:41:30","modified_gmt":"2023-12-17T11:41:30","slug":"hat-19-jaehriger-butzbacher-getreidefeld-angezuendet","status":"publish","type":"post","link":"http:\/\/875jahrekirchgoens.de\/?p=14082","title":{"rendered":"Hat 19-j\u00e4hriger Butzbacher Getreidefeld angez\u00fcndet?"},"content":{"rendered":"\n<p><strong>Die Polizei ermittelt\/In Widerspr\u00fcche verwickelt<\/strong><\/p>\n\n\n\n<p>In der vergangenen Woche brannte ein Getreidefeld bei Kirch-G\u00f6ns, nun hat die Polizei einen mutma\u00dflichen Verursacher ermittelt.<\/p>\n\n\n\n<p>Autofahrer bemerkten am Donnerstag am Magna Park bei Kirch-G\u00f6ns den Brand eines Getreidefeldes und informierten die Rettungsleitstelle. Mehrere Feuerwehren kamen zum Einsatz, um gemeinsam mit dem Bewirtschafter des Getreidefeldes das Feuer zu bek\u00e4mpfen und eine Ausbreitung zu verhindern.<\/p>\n\n\n\n<p>Trotz deren schnellen Eingreifens verbrannten etwa 1,2 Hektar Getreide, was einen Schaden von rund 2000 Euro f\u00fcr den Landwirt darstellt. Die Brandermittler der Polizei nahmen die Ermittlungen auf.<\/p>\n\n\n\n<p>Im Rahmen der L\u00f6scharbeiten wurde ein 19-j\u00e4hriger Butzbacher von Zeugen am Brandort gesehen, der f\u00fcr die Brandermittler kein Unbekannter ist. Bereits in anderen F\u00e4llen hatten sie mit dem jungen Mann in der Vergangenheit zu tun, weshalb er auch nun ins Visier der Ermittler geriet. Befragt zu dem Brand verstrickte er sich in Widerspr\u00fcche und r\u00e4umte in seiner Vernehmung schlie\u00dflich ein, den Brand m\u00f6glicherweise verursacht zu haben. Die Ermittlungen dauern an.<\/p>\n\n\n\n<p>Quelle Text: Butzbacher Zeitung vom 30. Juli 2019<\/p>\n\n\n\n<figure class=\"wp-block-gallery has-nested-images columns-default is-cropped wp-block-gallery-1 is-layout-flex wp-block-gallery-is-layout-flex\">\n<figure class=\"wp-block-image size-large\"><img loading=\"lazy\" decoding=\"async\" width=\"1024\" height=\"346\" data-id=\"14081\" src=\"http:\/\/875jahrekirchgoens.de\/wp-content\/uploads\/2023\/12\/2019_07_25_brennt-Weizenfeld-49-1024x346.jpg\" alt=\"\" class=\"wp-image-14081\" srcset=\"http:\/\/875jahrekirchgoens.de\/wp-content\/uploads\/2023\/12\/2019_07_25_brennt-Weizenfeld-49-1024x346.jpg 1024w, http:\/\/875jahrekirchgoens.de\/wp-content\/uploads\/2023\/12\/2019_07_25_brennt-Weizenfeld-49-300x101.jpg 300w, http:\/\/875jahrekirchgoens.de\/wp-content\/uploads\/2023\/12\/2019_07_25_brennt-Weizenfeld-49-768x259.jpg 768w, http:\/\/875jahrekirchgoens.de\/wp-content\/uploads\/2023\/12\/2019_07_25_brennt-Weizenfeld-49-1536x519.jpg 1536w, http:\/\/875jahrekirchgoens.de\/wp-content\/uploads\/2023\/12\/2019_07_25_brennt-Weizenfeld-49-2048x692.jpg 2048w\" sizes=\"auto, (max-width: 1024px) 100vw, 1024px\" \/><figcaption class=\"wp-element-caption\">Quelle: Feuerwehr der Stadt Butzbach<\/figcaption><\/figure>\n\n\n\n<figure class=\"wp-block-image size-large\"><img loading=\"lazy\" decoding=\"async\" width=\"1024\" height=\"768\" data-id=\"14080\" src=\"http:\/\/875jahrekirchgoens.de\/wp-content\/uploads\/2023\/12\/2019_07_25_brennt-Weizenfeld-29-1024x768.jpg\" alt=\"\" class=\"wp-image-14080\" srcset=\"http:\/\/875jahrekirchgoens.de\/wp-content\/uploads\/2023\/12\/2019_07_25_brennt-Weizenfeld-29-1024x768.jpg 1024w, http:\/\/875jahrekirchgoens.de\/wp-content\/uploads\/2023\/12\/2019_07_25_brennt-Weizenfeld-29-300x225.jpg 300w, http:\/\/875jahrekirchgoens.de\/wp-content\/uploads\/2023\/12\/2019_07_25_brennt-Weizenfeld-29-768x576.jpg 768w, http:\/\/875jahrekirchgoens.de\/wp-content\/uploads\/2023\/12\/2019_07_25_brennt-Weizenfeld-29-1536x1152.jpg 1536w, http:\/\/875jahrekirchgoens.de\/wp-content\/uploads\/2023\/12\/2019_07_25_brennt-Weizenfeld-29-2048x1536.jpg 2048w\" sizes=\"auto, (max-width: 1024px) 100vw, 1024px\" \/><figcaption class=\"wp-element-caption\">Quelle: Feuerwehr der Stadt Butzbach<\/figcaption><\/figure>\n<\/figure>\n","protected":false},"excerpt":{"rendered":"<p>Die Polizei ermittelt\/In Widerspr\u00fcche verwickelt In der vergangenen Woche brannte ein Getreidefeld bei Kirch-G\u00f6ns, nun hat die Polizei einen mutma\u00dflichen Verursacher ermittelt. Autofahrer bemerkten am Donnerstag am Magna Park bei Kirch-G\u00f6ns den Brand eines Getreidefeldes und informierten die Rettungsleitstelle. Mehrere Feuerwehren kamen zum Einsatz, um gemeinsam mit dem Bewirtschafter des Getreidefeldes das Feuer zu bek\u00e4mpfen &#8230; <a title=\"Hat 19-j\u00e4hriger Butzbacher Getreidefeld angez\u00fcndet?\" class=\"read-more\" href=\"http:\/\/875jahrekirchgoens.de\/?p=14082\" aria-label=\"Mehr Informationen \u00fcber Hat 19-j\u00e4hriger Butzbacher Getreidefeld angez\u00fcndet?\">Weiterlesen<\/a><\/p>\n","protected":false},"author":1,"featured_media":0,"comment_status":"closed","ping_status":"open","sticky":false,"template":"","format":"standard","meta":{"footnotes":""},"categories":[1],"tags":[],"class_list":["post-14082","post","type-post","status-publish","format-standard","hentry","category-infos"],"_links":{"self":[{"href":"http:\/\/875jahrekirchgoens.de\/index.php?rest_route=\/wp\/v2\/posts\/14082","targetHints":{"allow":["GET"]}}],"collection":[{"href":"http:\/\/875jahrekirchgoens.de\/index.php?rest_route=\/wp\/v2\/posts"}],"about":[{"href":"http:\/\/875jahrekirchgoens.de\/index.php?rest_route=\/wp\/v2\/types\/post"}],"author":[{"embeddable":true,"href":"http:\/\/875jahrekirchgoens.de\/index.php?rest_route=\/wp\/v2\/users\/1"}],"replies":[{"embeddable":true,"href":"http:\/\/875jahrekirchgoens.de\/index.php?rest_route=%2Fwp%2Fv2%2Fcomments&post=14082"}],"version-history":[{"count":1,"href":"http:\/\/875jahrekirchgoens.de\/index.php?rest_route=\/wp\/v2\/posts\/14082\/revisions"}],"predecessor-version":[{"id":14083,"href":"http:\/\/875jahrekirchgoens.de\/index.php?rest_route=\/wp\/v2\/posts\/14082\/revisions\/14083"}],"wp:attachment":[{"href":"http:\/\/875jahrekirchgoens.de\/index.php?rest_route=%2Fwp%2Fv2%2Fmedia&parent=14082"}],"wp:term":[{"taxonomy":"category","embeddable":true,"href":"http:\/\/875jahrekirchgoens.de\/index.php?rest_route=%2Fwp%2Fv2%2Fcategories&post=14082"},{"taxonomy":"post_tag","embeddable":true,"href":"http:\/\/875jahrekirchgoens.de\/index.php?rest_route=%2Fwp%2Fv2%2Ftags&post=14082"}],"curies":[{"name":"wp","href":"https:\/\/api.w.org\/{rel}","templated":true}]}}