{"id":14085,"date":"2018-05-08T11:44:00","date_gmt":"2018-05-08T11:44:00","guid":{"rendered":"http:\/\/875jahrekirchgoens.de\/?p=14085"},"modified":"2023-12-17T11:45:18","modified_gmt":"2023-12-17T11:45:18","slug":"konfirmation-in-kirch-goens","status":"publish","type":"post","link":"http:\/\/875jahrekirchgoens.de\/?p=14085","title":{"rendered":"Konfirmation in Kirch-G\u00f6ns"},"content":{"rendered":"\n<p>Am Sonntag wurden sieben junge Menschen konfirmiert: Collene Marie Bieniecki; Lilli Tabea David; Lennard Hankel; Anna Sophia Klein; Lea Rahel Nestler; Sarah Denise Reuter und Thea R\u00f6sner. Entsprechend dem am Sonntag vorher gefeierten Vorstellungsgottesdienst ging Pfarrer Thum in seiner Predigt anhand der biblischen Erz\u00e4hlung von Jakob und der Himmelsleiter auf das Thema \u201eTr\u00e4umen\u201c ein. Auch Anna Stehr und Bj\u00f6rn Maa\u00df als Mitglieder des Mitarbeiterteams f\u00fcr den Konfirmandenunterricht, Dieter Meier und Diana Diehl als Mitglieder des Kirchenvorstandes und f\u00fcr die Eltern und Paten Andrea R\u00f6sner und Martina Sch\u00f6n gingen in Ansprachen auf dieses f\u00fcr die Konfirmanden wichtige Ereignis ein. Pfarrer Thum dankte den Konfirmanden besonders f\u00fcr ihre Spende zugunsten des \u201eKinderhospiz B\u00e4renherz\u201c.<\/p>\n\n\n\n<p>Quelle: Butzbacher Zeitung vom 8. Mai 2018<\/p>\n","protected":false},"excerpt":{"rendered":"<p>Am Sonntag wurden sieben junge Menschen konfirmiert: Collene Marie Bieniecki; Lilli Tabea David; Lennard Hankel; Anna Sophia Klein; Lea Rahel Nestler; Sarah Denise Reuter und Thea R\u00f6sner. Entsprechend dem am Sonntag vorher gefeierten Vorstellungsgottesdienst ging Pfarrer Thum in seiner Predigt anhand der biblischen Erz\u00e4hlung von Jakob und der Himmelsleiter auf das Thema \u201eTr\u00e4umen\u201c ein. Auch &#8230; <a title=\"Konfirmation in Kirch-G\u00f6ns\" class=\"read-more\" href=\"http:\/\/875jahrekirchgoens.de\/?p=14085\" aria-label=\"Mehr Informationen \u00fcber Konfirmation in Kirch-G\u00f6ns\">Weiterlesen<\/a><\/p>\n","protected":false},"author":1,"featured_media":0,"comment_status":"closed","ping_status":"open","sticky":false,"template":"","format":"standard","meta":{"footnotes":""},"categories":[1],"tags":[],"class_list":["post-14085","post","type-post","status-publish","format-standard","hentry","category-infos"],"_links":{"self":[{"href":"http:\/\/875jahrekirchgoens.de\/index.php?rest_route=\/wp\/v2\/posts\/14085","targetHints":{"allow":["GET"]}}],"collection":[{"href":"http:\/\/875jahrekirchgoens.de\/index.php?rest_route=\/wp\/v2\/posts"}],"about":[{"href":"http:\/\/875jahrekirchgoens.de\/index.php?rest_route=\/wp\/v2\/types\/post"}],"author":[{"embeddable":true,"href":"http:\/\/875jahrekirchgoens.de\/index.php?rest_route=\/wp\/v2\/users\/1"}],"replies":[{"embeddable":true,"href":"http:\/\/875jahrekirchgoens.de\/index.php?rest_route=%2Fwp%2Fv2%2Fcomments&post=14085"}],"version-history":[{"count":1,"href":"http:\/\/875jahrekirchgoens.de\/index.php?rest_route=\/wp\/v2\/posts\/14085\/revisions"}],"predecessor-version":[{"id":14086,"href":"http:\/\/875jahrekirchgoens.de\/index.php?rest_route=\/wp\/v2\/posts\/14085\/revisions\/14086"}],"wp:attachment":[{"href":"http:\/\/875jahrekirchgoens.de\/index.php?rest_route=%2Fwp%2Fv2%2Fmedia&parent=14085"}],"wp:term":[{"taxonomy":"category","embeddable":true,"href":"http:\/\/875jahrekirchgoens.de\/index.php?rest_route=%2Fwp%2Fv2%2Fcategories&post=14085"},{"taxonomy":"post_tag","embeddable":true,"href":"http:\/\/875jahrekirchgoens.de\/index.php?rest_route=%2Fwp%2Fv2%2Ftags&post=14085"}],"curies":[{"name":"wp","href":"https:\/\/api.w.org\/{rel}","templated":true}]}}