{"id":14088,"date":"2018-07-09T11:47:00","date_gmt":"2018-07-09T11:47:00","guid":{"rendered":"http:\/\/875jahrekirchgoens.de\/?p=14088"},"modified":"2023-12-17T11:48:14","modified_gmt":"2023-12-17T11:48:14","slug":"seinen-90-geburtstag","status":"publish","type":"post","link":"http:\/\/875jahrekirchgoens.de\/?p=14088","title":{"rendered":"Seinen 90. Geburtstag \u2026"},"content":{"rendered":"\n<p>\u2026 feierte gestern in Kirch-G\u00f6ns Altlandwirt Werner R\u00fchl. Der Jubilar wohnt noch immer zusammen mit seiner Ehefrau Loni (87) in seinem Geburtshaus in der Pfeifergasse 2. Fr\u00fcher betrieb Werner R\u00fchl eine Landwirtschaft und war sp\u00e4ter auch als Kraftfahrer und B\u00fcrokaufmann t\u00e4tig. In seiner Freizeit war der Jubilar begeisterter Reiter, ging der Taubenzucht nach und geh\u00f6rte der Kirch-G\u00f6nser Turnriege an. Zu den Nachkommen z\u00e4hlen drei Kinder und vier Enkelkinder. Im Familienkreis wurde am Sonntagnachmittag gefeiert. B\u00fcrgermeister Michael Merle \u00fcberbrachte vormittags die Gl\u00fcckw\u00fcnsche von Stadt, Kreis und Land.<\/p>\n\n\n\n<p>Quelle: Butzbacher Zeitung vom 9. Juli 2018<\/p>\n","protected":false},"excerpt":{"rendered":"<p>\u2026 feierte gestern in Kirch-G\u00f6ns Altlandwirt Werner R\u00fchl. Der Jubilar wohnt noch immer zusammen mit seiner Ehefrau Loni (87) in seinem Geburtshaus in der Pfeifergasse 2. Fr\u00fcher betrieb Werner R\u00fchl eine Landwirtschaft und war sp\u00e4ter auch als Kraftfahrer und B\u00fcrokaufmann t\u00e4tig. In seiner Freizeit war der Jubilar begeisterter Reiter, ging der Taubenzucht nach und geh\u00f6rte &#8230; <a title=\"Seinen 90. Geburtstag \u2026\" class=\"read-more\" href=\"http:\/\/875jahrekirchgoens.de\/?p=14088\" aria-label=\"Mehr Informationen \u00fcber Seinen 90. Geburtstag \u2026\">Weiterlesen<\/a><\/p>\n","protected":false},"author":1,"featured_media":0,"comment_status":"closed","ping_status":"open","sticky":false,"template":"","format":"standard","meta":{"footnotes":""},"categories":[1],"tags":[],"class_list":["post-14088","post","type-post","status-publish","format-standard","hentry","category-infos"],"_links":{"self":[{"href":"http:\/\/875jahrekirchgoens.de\/index.php?rest_route=\/wp\/v2\/posts\/14088","targetHints":{"allow":["GET"]}}],"collection":[{"href":"http:\/\/875jahrekirchgoens.de\/index.php?rest_route=\/wp\/v2\/posts"}],"about":[{"href":"http:\/\/875jahrekirchgoens.de\/index.php?rest_route=\/wp\/v2\/types\/post"}],"author":[{"embeddable":true,"href":"http:\/\/875jahrekirchgoens.de\/index.php?rest_route=\/wp\/v2\/users\/1"}],"replies":[{"embeddable":true,"href":"http:\/\/875jahrekirchgoens.de\/index.php?rest_route=%2Fwp%2Fv2%2Fcomments&post=14088"}],"version-history":[{"count":1,"href":"http:\/\/875jahrekirchgoens.de\/index.php?rest_route=\/wp\/v2\/posts\/14088\/revisions"}],"predecessor-version":[{"id":14089,"href":"http:\/\/875jahrekirchgoens.de\/index.php?rest_route=\/wp\/v2\/posts\/14088\/revisions\/14089"}],"wp:attachment":[{"href":"http:\/\/875jahrekirchgoens.de\/index.php?rest_route=%2Fwp%2Fv2%2Fmedia&parent=14088"}],"wp:term":[{"taxonomy":"category","embeddable":true,"href":"http:\/\/875jahrekirchgoens.de\/index.php?rest_route=%2Fwp%2Fv2%2Fcategories&post=14088"},{"taxonomy":"post_tag","embeddable":true,"href":"http:\/\/875jahrekirchgoens.de\/index.php?rest_route=%2Fwp%2Fv2%2Ftags&post=14088"}],"curies":[{"name":"wp","href":"https:\/\/api.w.org\/{rel}","templated":true}]}}