{"id":14091,"date":"2018-07-30T11:53:00","date_gmt":"2018-07-30T11:53:00","guid":{"rendered":"http:\/\/875jahrekirchgoens.de\/?p=14091"},"modified":"2023-12-17T11:54:14","modified_gmt":"2023-12-17T11:54:14","slug":"ortsbeirat-steht-voll-hinter-den-forderungen-der-kirch-goenser-wehr","status":"publish","type":"post","link":"http:\/\/875jahrekirchgoens.de\/?p=14091","title":{"rendered":"Ortsbeirat steht voll hinter den Forderungen der Kirch-G\u00f6nser Wehr"},"content":{"rendered":"\n<p><strong>Keine gef\u00e4hrliche Altlast auf Kirchengrundst\u00fcck \/ Kein Standort in der Pohl-G\u00f6nser Gemarkung<\/strong><\/p>\n\n\n\n<p>In einem offenen Brief hat sich jetzt der Ortsbeirat von Kirch-G\u00f6ns in Sachen Grundst\u00fcck f\u00fcr das neue Feuerwehrhaus in Kirch-G\u00f6ns an den Magistrat und die Stadtverordnetenversammlung der Stadt Butzbach gewandt. Darin schlie\u00dft sich der Ortsbeirat vollinhaltlich den Forderungen der Kirch-G\u00f6nser Feuerwehr an: Das in Aussicht genommene Grundst\u00fcck der Kirchengemeinde stelle trotz der Altlasten keine Gefahr f\u00fcr Menschen, Umwelt und Grundwasser dar. Abgelehnt wird ein Standort in der Gemarkung Pohl-G\u00f6ns, da sonst die Gefahr bestehe einer Zusammenlegung der Wehren von Kirch- und Pohl-G\u00f6ns durch die Hintert\u00fcr.<\/p>\n\n\n\n<p>Als Alternativ-Standort schl\u00e4gt der Ortsbeirat eine Pr\u00fcfung einer Teilfl\u00e4che am Kirch-G\u00f6nser Sportplatz vor. Nachstehend der Inhalt des offenen Briefes: \u201eSeit 5 Jahren besch\u00e4ftigt uns das Thema des Neubaus des Feuerwehrst\u00fctzpunkts in Kirch-G\u00f6ns. Einen Dank m\u00f6chten wir an dieser Stelle an den Magistrat und die Verwaltung aussprechen, f\u00fcr die Untersuchungen, Planungsrunden, Gespr\u00e4chsrunden mit Feuerwehr, Planern und Gutachtern.<\/p>\n\n\n\n<p>Auf die Historie der Kontamination des \u201ePfarrackers\u201c gehen wir in diesem Brief nicht n\u00e4her ein. Wir wollen hiermit zum Ausdruck bringen, dass wir hinter der Feuerwehr Kirch-G\u00f6ns stehen und die Anpachtung oder Kauf des \u201ePfarrackers\u201c aus einsatztaktischen Gr\u00fcnden, favorisieren und unterst\u00fctzen. Wir sehen nach der Vielzahl von Gutachten und Stellungnahmen verschiedenster Stellen keine Gefahr, die von Teilen der Mandatstr\u00e4ger aus Magistrat und Stadtverordnetenversammlung gesehen werden.<\/p>\n\n\n\n<p>Eine geringe Altlast sei vorhanden, daraus resultiert laut Ortsbeirat jedoch keine Gefahr f\u00fcr Mensch, Umwelt und Grundwasser. \u201eWir sprechen uns hiermit klar f\u00fcr die Fl\u00e4che der Kirchengemeinde aus.\u201c Eine Gefahr von starken Erdbeben oder Kontinentalverschiebungen sei an den Haaren herbeigezogen und es scheine, dass sich einige Entscheidungstr\u00e4ger mit den Gutachten nicht inhaltstief auseinandergesetzt h\u00e4tten.<\/p>\n\n\n\n<p>Die Einsch\u00e4tzung des Gutachters sei positiv zu bewerten, selbst haftungsrelevante Dinge f\u00fcr die handelnden nat\u00fcrlichen Personen im Magistrat wurden gekl\u00e4rt und bestehen nicht, da die Gutachtenlage eindeutig sei.<\/p>\n\n\n\n<p>Die Kirchenverwaltung seit ihrerseits deutlich von den ersten finanziellen Vorstellungen herunter gegangen und habe nun einen guten Wert erreicht, der das Grundst\u00fcck mit den vorhandenen Altlasten zu einem fairen Preis der Stadt anbiete.<\/p>\n\n\n\n<p>Eine Eintrittswahrscheinlichkeit der Verunreinigung von Grundwasser, durch die im Boden fest verankerten Mineral\u00f6l-Kohlenwasserstoffe liege im Promille-Bereich und sollte nicht Anlass sein, diese permanent h\u00f6her einzusch\u00e4tzen und eine st\u00e4ndig drohende Eintrittswahrscheinlichkeit herbeizureden, meint der Ortsbeirat.<\/p>\n\n\n\n<p>Die Gefahr, dass knapp 30 gut ausgebildete Feuerwehrleute ihren Dienst niederlegen, sei reell und nicht zuletzt durch den kurzzeitigen Ausstand der Einsatzabteilung Anfang des Sommers dokumentiert. Gerade in dieser Zeit sei deutlich geworden, dass der abwehrende Brandschutz im Butzbacher Norden tags\u00fcber nicht ohne die Kirch-G\u00f6nser Einsatzabteilung zu leisten sei und nicht auf die Einsatzkr\u00e4fte verzichtet werden k\u00f6nne. Sowohl der Landrat als auch der Kreisbrandinspektor h\u00e4tten in Stellungnahmen darauf verwiesen. Die Bedeutung der Feuerwehr Kirch-G\u00f6ns beziehe sich nicht nur auf die Sicherstellung des Brandschutzes in Kirch-G\u00f6ns, sondern gerade auch f\u00fcr das interkommunale Gewerbegebiet \u201eMagna-Park\u201c, einen Abschnitt der Main-Weser-Bahn und einen Abschnitt der B3.<\/p>\n\n\n\n<p>Der Ortsbeirat teilt die Bedenken und vor allem die Auffassung hinsichtlich des \u201eFestplatzes\u201c in Pohl-G\u00f6ns als Standort. De facto soll dies eine Zusammenlegung der Feuerwehren von Kirch- und Pohl-G\u00f6ns durch die Hintert\u00fcr sein, der nicht zu akzeptieren sei. Denn es spiegele nicht die getroffenen Abmachungen der letzten f\u00fcnf Jahre wider. Die Stunden der Feuerwehr Pohl- G\u00f6ns im \u201eL\u00f6schteich\u201c w\u00e4ren damit faktisch gez\u00e4hlt und w\u00fcrden auch hier zu gesellschaftlichen negativen Ver\u00e4nderungen f\u00fchren. \u201eWir haben derzeit 3 einsatzbereite Stadtteil-Feuerwehren im Butzbacher Norden und sollten uns gl\u00fccklich sch\u00e4tzen, so viele freiwillige Einwohner zu haben, die die \u00f6ffentliche Sicherheit gemeinsam f\u00fcr ihre Stadt sicherstellen.<\/p>\n\n\n\n<p>Wenn nun gegen den Willen und im Wissen der Dienstniederlegung eine Entscheidung gegen die Feuerwehr Kirch-G\u00f6ns und de facto auch der Feuerwehr Pohl-G\u00f6ns getroffen wird, ist es eine Entscheidung gegen die Feuerwehr und zu Lasten der \u00f6ffentlichen Sicherheit\u201c, argumentiert der Ortsbeirat. \u201eWir m\u00fcssen alles daf\u00fcr tun, auch in Zukunft noch drei Einsatzabteilungen in den G\u00f6ns-Stadtteilen zu haben.<\/p>\n\n\n\n<p>Durch das Bev\u00f6lkerungswachstum, der durch die Stadtverordnetenversammlung beschlossenen und realisierten Neubaugebiete, in allen drei Stadtteilen, ist davon auszugehen, dass wir dies auch schaffen werden\u201c, so der Ortsbeirat.<\/p>\n\n\n\n<p>Legitim ist es laut Ortsbeirat Alternativen zu suchen. Die Alternative k\u00f6nne aber nicht ein Platz sein, der der letzte \u00f6ffentliche Platz zwischen den D\u00f6rfern darstellt und der bei gr\u00f6\u00dferen Veranstaltungen der Mehrzweckhalle (gr\u00f6\u00dfte Halle der Stadt Butzbach) als Parkfl\u00e4che zur Verf\u00fcgung stehen muss. Auch dieser Aspekt d\u00fcrfe nicht vernachl\u00e4ssigt werden.<\/p>\n\n\n\n<p>Gesellschaftlich und f\u00fcr das Gemeinwohl m\u00fcsse an dieser Stelle die Bedeutung des Feuerwehrvereins hervorgehoben werden. Im Vereinsleben tief verwurzelt und aktiv im Veranstaltungskalender des Jahres etabliert seien die Aktivit\u00e4ten des Feuerwehrvereins. Eine Umsiedlung nach Pohl-G\u00f6ns w\u00fcrde dieses Engagement stark reduzieren, da die Mitglieder der Einsatzabteilung den aktiven Part innerhalb des Feuerwehrvereins darstellen. Somit w\u00e4re auch unser gesellschaftliches Miteinander in Kirch-G\u00f6ns negativ betroffen.<\/p>\n\n\n\n<p>Ebenfalls nicht mehr gegeben w\u00e4re das finanzielle Engagement des Feuerwehrvereins f\u00fcr die Stadt Butzbach mit der Beschaffung von Mannschaftstransportfahrzeugen und Spenden an die Einsatzabteilung (z.B. Zuschuss zum Lkw-F\u00fchrerschein), z\u00e4hlt der Ortsbeirat auf. Eine Alternative k\u00f6nnte eine Teilfl\u00e4che am Sportplatz in Kirch-G\u00f6ns darstellen, die von der Feuerwehr akzeptiert wird.<\/p>\n\n\n\n<p>Hierf\u00fcr sollten schnellstm\u00f6glich Gespr\u00e4che um die Ausrichtung, baurechtliche Situation und Ausrichtung der Restsportfl\u00e4che in Kirch-G\u00f6ns anstehen.<\/p>\n\n\n\n<p>Auch vor dem Hintergrund der Befristung des Zuwendungsbescheides des Landes Hessen sei an dieser Stelle Eile geboten. Der Ortsbeirat l\u00e4dt deshalb alle im Stadtparlament vertretenen Parteien ein, ihre n\u00e4chste Fraktionssitzung in Kirch-G\u00f6ns abzuhalten und mit dem Ortsbeirat ins Gespr\u00e4ch zu kommen. Unterschrieben ist der offene Brief von allen Mitgliedern des Kirch-G\u00f6nser Ortsbeirats: Stefan Euler (Vorsitzender, CDU), Moritz Otto (stellvertretender Vorsitzender, SPD), Klaus-Werner Otto (Schriftf\u00fchrer, SPD), Stefan Schepp (CDU) und Peter Maiwald (FDP).<\/p>\n\n\n\n<p>Quelle: Butzbacher Zeitung vom 30. Juli 2018<\/p>\n","protected":false},"excerpt":{"rendered":"<p>Keine gef\u00e4hrliche Altlast auf Kirchengrundst\u00fcck \/ Kein Standort in der Pohl-G\u00f6nser Gemarkung In einem offenen Brief hat sich jetzt der Ortsbeirat von Kirch-G\u00f6ns in Sachen Grundst\u00fcck f\u00fcr das neue Feuerwehrhaus in Kirch-G\u00f6ns an den Magistrat und die Stadtverordnetenversammlung der Stadt Butzbach gewandt. Darin schlie\u00dft sich der Ortsbeirat vollinhaltlich den Forderungen der Kirch-G\u00f6nser Feuerwehr an: Das &#8230; <a title=\"Ortsbeirat steht voll hinter den Forderungen der Kirch-G\u00f6nser Wehr\" class=\"read-more\" href=\"http:\/\/875jahrekirchgoens.de\/?p=14091\" aria-label=\"Mehr Informationen \u00fcber Ortsbeirat steht voll hinter den Forderungen der Kirch-G\u00f6nser Wehr\">Weiterlesen<\/a><\/p>\n","protected":false},"author":1,"featured_media":0,"comment_status":"closed","ping_status":"open","sticky":false,"template":"","format":"standard","meta":{"footnotes":""},"categories":[1],"tags":[],"class_list":["post-14091","post","type-post","status-publish","format-standard","hentry","category-infos"],"_links":{"self":[{"href":"http:\/\/875jahrekirchgoens.de\/index.php?rest_route=\/wp\/v2\/posts\/14091","targetHints":{"allow":["GET"]}}],"collection":[{"href":"http:\/\/875jahrekirchgoens.de\/index.php?rest_route=\/wp\/v2\/posts"}],"about":[{"href":"http:\/\/875jahrekirchgoens.de\/index.php?rest_route=\/wp\/v2\/types\/post"}],"author":[{"embeddable":true,"href":"http:\/\/875jahrekirchgoens.de\/index.php?rest_route=\/wp\/v2\/users\/1"}],"replies":[{"embeddable":true,"href":"http:\/\/875jahrekirchgoens.de\/index.php?rest_route=%2Fwp%2Fv2%2Fcomments&post=14091"}],"version-history":[{"count":1,"href":"http:\/\/875jahrekirchgoens.de\/index.php?rest_route=\/wp\/v2\/posts\/14091\/revisions"}],"predecessor-version":[{"id":14092,"href":"http:\/\/875jahrekirchgoens.de\/index.php?rest_route=\/wp\/v2\/posts\/14091\/revisions\/14092"}],"wp:attachment":[{"href":"http:\/\/875jahrekirchgoens.de\/index.php?rest_route=%2Fwp%2Fv2%2Fmedia&parent=14091"}],"wp:term":[{"taxonomy":"category","embeddable":true,"href":"http:\/\/875jahrekirchgoens.de\/index.php?rest_route=%2Fwp%2Fv2%2Fcategories&post=14091"},{"taxonomy":"post_tag","embeddable":true,"href":"http:\/\/875jahrekirchgoens.de\/index.php?rest_route=%2Fwp%2Fv2%2Ftags&post=14091"}],"curies":[{"name":"wp","href":"https:\/\/api.w.org\/{rel}","templated":true}]}}