{"id":14097,"date":"2018-09-25T11:58:00","date_gmt":"2018-09-25T11:58:00","guid":{"rendered":"http:\/\/875jahrekirchgoens.de\/?p=14097"},"modified":"2023-12-17T11:59:28","modified_gmt":"2023-12-17T11:59:28","slug":"alle-drei-eingereichten-waren-der-metzgerei-binzer-praemiert","status":"publish","type":"post","link":"http:\/\/875jahrekirchgoens.de\/?p=14097","title":{"rendered":"Alle drei eingereichten Waren der Metzgerei Binzer pr\u00e4miert"},"content":{"rendered":"\n<p>Die Kirch-G\u00f6nser Fleischwurst von Fleischermeister Manfred Binzer \u00fcberzeugt nicht nur seine Kunden.<\/p>\n\n\n\n<p>Zusammen mit zwei weiteren seiner hausgemachten Spezialit\u00e4ten wurde sie jetzt bei der gro\u00dfen hessischen Qualit\u00e4tspr\u00fcfung f\u00fcr handwerkliche Fleischerzeugnisse ausgezeichnet. F\u00fcr Binzer, der den seit rund 119 Jahren bestehenden Betrieb im Jahr 1984 von seinem Vater \u00fcbernahm, ist die hohe Auszeichnung ein Beweis f\u00fcr die G\u00fcte seiner Produkte.<\/p>\n\n\n\n<p>In der Metzgerei Binzer wird noch selbst geschlachtet: \u201eUnsere Produkte sollen \u00fcberzeugen und begeistern, deshalb ist uns eine sorgf\u00e4ltige und nachhaltige Herstellung wichtig. Wir achten sowohl auf Herkunft und Haltung der Tiere als auch auf die Qualit\u00e4t der Gew\u00fcrze und sonstigen Rohstoffe.\u201c<\/p>\n\n\n\n<p>Ausgezeichnet wurden die Kirch-G\u00f6nser Fleischwurst, Binzers Italienische Salami und der Kirch-G\u00f6nser Presskopf. Der Familienbetrieb freut sich \u00fcber den Erfolg, den die selbst entwickelten Produkte bei den Pr\u00fcfern hatten: \u201eDie von uns eingesandten Spezialit\u00e4ten sind bei der Kundschaft sehr beliebt. Dass aber gleich alle drei Produkte ausgezeichnet wurden, macht uns besonders stolz.\u201c<\/p>\n\n\n\n<p>Zu den Teilnehmern der hessischen Qualit\u00e4tspr\u00fcfung geh\u00f6rten rund 130 Betriebe aus dem ganzen Bundesland. Eine 30-k\u00f6pfige Wettbewerbsjury testete und bewertete alle Einsendungen nach \u00e4u\u00dferer Beschaffenheit, Aussehen, Zusammensetzung, Konsistenz, Geruch und Geschmack.<\/p>\n\n\n\n<p>Mit insgesamt rund 700 eingesendeten Produkten gaben die teilnehmenden Betriebe einen Beweis ihrer handwerklichen F\u00e4higkeiten.<\/p>\n\n\n\n<p>Quelle: Butzbacher Zeitung vom 25. September 2018<\/p>\n","protected":false},"excerpt":{"rendered":"<p>Die Kirch-G\u00f6nser Fleischwurst von Fleischermeister Manfred Binzer \u00fcberzeugt nicht nur seine Kunden. Zusammen mit zwei weiteren seiner hausgemachten Spezialit\u00e4ten wurde sie jetzt bei der gro\u00dfen hessischen Qualit\u00e4tspr\u00fcfung f\u00fcr handwerkliche Fleischerzeugnisse ausgezeichnet. F\u00fcr Binzer, der den seit rund 119 Jahren bestehenden Betrieb im Jahr 1984 von seinem Vater \u00fcbernahm, ist die hohe Auszeichnung ein Beweis f\u00fcr &#8230; <a title=\"Alle drei eingereichten Waren der Metzgerei Binzer pr\u00e4miert\" class=\"read-more\" href=\"http:\/\/875jahrekirchgoens.de\/?p=14097\" aria-label=\"Mehr Informationen \u00fcber Alle drei eingereichten Waren der Metzgerei Binzer pr\u00e4miert\">Weiterlesen<\/a><\/p>\n","protected":false},"author":1,"featured_media":0,"comment_status":"closed","ping_status":"open","sticky":false,"template":"","format":"standard","meta":{"footnotes":""},"categories":[1],"tags":[],"class_list":["post-14097","post","type-post","status-publish","format-standard","hentry","category-infos"],"_links":{"self":[{"href":"http:\/\/875jahrekirchgoens.de\/index.php?rest_route=\/wp\/v2\/posts\/14097","targetHints":{"allow":["GET"]}}],"collection":[{"href":"http:\/\/875jahrekirchgoens.de\/index.php?rest_route=\/wp\/v2\/posts"}],"about":[{"href":"http:\/\/875jahrekirchgoens.de\/index.php?rest_route=\/wp\/v2\/types\/post"}],"author":[{"embeddable":true,"href":"http:\/\/875jahrekirchgoens.de\/index.php?rest_route=\/wp\/v2\/users\/1"}],"replies":[{"embeddable":true,"href":"http:\/\/875jahrekirchgoens.de\/index.php?rest_route=%2Fwp%2Fv2%2Fcomments&post=14097"}],"version-history":[{"count":1,"href":"http:\/\/875jahrekirchgoens.de\/index.php?rest_route=\/wp\/v2\/posts\/14097\/revisions"}],"predecessor-version":[{"id":14098,"href":"http:\/\/875jahrekirchgoens.de\/index.php?rest_route=\/wp\/v2\/posts\/14097\/revisions\/14098"}],"wp:attachment":[{"href":"http:\/\/875jahrekirchgoens.de\/index.php?rest_route=%2Fwp%2Fv2%2Fmedia&parent=14097"}],"wp:term":[{"taxonomy":"category","embeddable":true,"href":"http:\/\/875jahrekirchgoens.de\/index.php?rest_route=%2Fwp%2Fv2%2Fcategories&post=14097"},{"taxonomy":"post_tag","embeddable":true,"href":"http:\/\/875jahrekirchgoens.de\/index.php?rest_route=%2Fwp%2Fv2%2Ftags&post=14097"}],"curies":[{"name":"wp","href":"https:\/\/api.w.org\/{rel}","templated":true}]}}