{"id":14111,"date":"2010-06-21T15:33:00","date_gmt":"2010-06-21T15:33:00","guid":{"rendered":"http:\/\/875jahrekirchgoens.de\/?p=14111"},"modified":"2023-12-27T15:36:28","modified_gmt":"2023-12-27T15:36:28","slug":"kirch-goenser-gospel-chor-feierte-gelungene-premiere","status":"publish","type":"post","link":"http:\/\/875jahrekirchgoens.de\/?p=14111","title":{"rendered":"Kirch-G\u00f6nser Gospel-Chor feierte gelungene Premiere"},"content":{"rendered":"\n<p>Seinen ersten \u00f6ffentlichen Auftritt absolvierte jetzt der Gospel-Chor des Gesangverein Kirch-G\u00f6ns. Der erst im Januar diesen Jahres gegr\u00fcndete Chor feierte unter Leitung von Patrick Stinka bei einem speziellen Gospel-Gottesdienst in der evangelischen Kirche in Kirch-G\u00f6ns eine gelungene Premiere.<\/p>\n\n\n\n<p>Zu Beginn des Gottesdienstes begr\u00fc\u00dfte Pfarrer William Thum den Gospel-Chor und die ebenfalls anwesende Gruppe Magic-Soul-Sisters und dankte f\u00fcr deren Kommen. Im Gottesdienst selbst ersetzten dann die Gospelvortr\u00e4ge teilweise Liturgie und Predigt. Die Gottesdienstbesucher wurden mit in das Geschehen in der Kirche eingebunden. Sie konnten bei verschiedenen Liedern mitsingen und klatschen.<\/p>\n\n\n\n<p>Mit ihren Gospels, darunter \u201eGod can, god an\u201c und \u201eSurround me, oh Lord\u201c begeisterte der Chor die Gemeindemitglieder, von denen die Vortr\u00e4ge mit viel Applaus bedacht wurden.<\/p>\n\n\n\n<p>Zum Abschluss des Gottesdienstes traten mit den Magic Soul Sisters drei stimmgewaltige S\u00e4ngerinnen aus Gie\u00dfen auf und brillierten mit mehreren Liedvortr\u00e4gen, die ebenfalls mit lang anhaltendem Applaus belohnt wurden.<\/p>\n\n\n\n<p>Pfarrer William Thum dankte dem Gospel-Chor mit Dirigent Patrick Stinka und den Magic-Soul-Sisters f\u00fcr ihre musikalische Begleitung des Gottesdienstes und beendete diesen mit dem Segen Gottes f\u00fcr die S\u00e4ngerinnen und S\u00e4nger sowie die anderen Anwesenden.<\/p>\n\n\n\n<p>Quelle und Bild: Butzbacher Zeitung vom 21. Juni 2010<\/p>\n\n\n\n<figure class=\"wp-block-image size-full\"><img loading=\"lazy\" decoding=\"async\" width=\"642\" height=\"483\" src=\"http:\/\/875jahrekirchgoens.de\/wp-content\/uploads\/2023\/12\/Chor-Premiere-Bild1.jpg\" alt=\"\" class=\"wp-image-14112\" srcset=\"http:\/\/875jahrekirchgoens.de\/wp-content\/uploads\/2023\/12\/Chor-Premiere-Bild1.jpg 642w, http:\/\/875jahrekirchgoens.de\/wp-content\/uploads\/2023\/12\/Chor-Premiere-Bild1-300x226.jpg 300w\" sizes=\"auto, (max-width: 642px) 100vw, 642px\" \/><figcaption class=\"wp-element-caption\">Seinen ersten \u00f6ffentlichen Auftritt hatte der Kirch-G\u00f6nser Gospel-Chor jetzt bei einem Gottesdienst in der evangelischen Kirche.<\/figcaption><\/figure>\n","protected":false},"excerpt":{"rendered":"<p>Seinen ersten \u00f6ffentlichen Auftritt absolvierte jetzt der Gospel-Chor des Gesangverein Kirch-G\u00f6ns. Der erst im Januar diesen Jahres gegr\u00fcndete Chor feierte unter Leitung von Patrick Stinka bei einem speziellen Gospel-Gottesdienst in der evangelischen Kirche in Kirch-G\u00f6ns eine gelungene Premiere. Zu Beginn des Gottesdienstes begr\u00fc\u00dfte Pfarrer William Thum den Gospel-Chor und die ebenfalls anwesende Gruppe Magic-Soul-Sisters und &#8230; <a title=\"Kirch-G\u00f6nser Gospel-Chor feierte gelungene Premiere\" class=\"read-more\" href=\"http:\/\/875jahrekirchgoens.de\/?p=14111\" aria-label=\"Mehr Informationen \u00fcber Kirch-G\u00f6nser Gospel-Chor feierte gelungene Premiere\">Weiterlesen<\/a><\/p>\n","protected":false},"author":1,"featured_media":0,"comment_status":"closed","ping_status":"open","sticky":false,"template":"","format":"standard","meta":{"footnotes":""},"categories":[1],"tags":[],"class_list":["post-14111","post","type-post","status-publish","format-standard","hentry","category-infos"],"_links":{"self":[{"href":"http:\/\/875jahrekirchgoens.de\/index.php?rest_route=\/wp\/v2\/posts\/14111","targetHints":{"allow":["GET"]}}],"collection":[{"href":"http:\/\/875jahrekirchgoens.de\/index.php?rest_route=\/wp\/v2\/posts"}],"about":[{"href":"http:\/\/875jahrekirchgoens.de\/index.php?rest_route=\/wp\/v2\/types\/post"}],"author":[{"embeddable":true,"href":"http:\/\/875jahrekirchgoens.de\/index.php?rest_route=\/wp\/v2\/users\/1"}],"replies":[{"embeddable":true,"href":"http:\/\/875jahrekirchgoens.de\/index.php?rest_route=%2Fwp%2Fv2%2Fcomments&post=14111"}],"version-history":[{"count":1,"href":"http:\/\/875jahrekirchgoens.de\/index.php?rest_route=\/wp\/v2\/posts\/14111\/revisions"}],"predecessor-version":[{"id":14113,"href":"http:\/\/875jahrekirchgoens.de\/index.php?rest_route=\/wp\/v2\/posts\/14111\/revisions\/14113"}],"wp:attachment":[{"href":"http:\/\/875jahrekirchgoens.de\/index.php?rest_route=%2Fwp%2Fv2%2Fmedia&parent=14111"}],"wp:term":[{"taxonomy":"category","embeddable":true,"href":"http:\/\/875jahrekirchgoens.de\/index.php?rest_route=%2Fwp%2Fv2%2Fcategories&post=14111"},{"taxonomy":"post_tag","embeddable":true,"href":"http:\/\/875jahrekirchgoens.de\/index.php?rest_route=%2Fwp%2Fv2%2Ftags&post=14111"}],"curies":[{"name":"wp","href":"https:\/\/api.w.org\/{rel}","templated":true}]}}