{"id":14116,"date":"2012-01-30T15:39:00","date_gmt":"2012-01-30T15:39:00","guid":{"rendered":"http:\/\/875jahrekirchgoens.de\/?p=14116"},"modified":"2023-12-27T15:41:30","modified_gmt":"2023-12-27T15:41:30","slug":"in-kirch-goens-veranstaltete-der-gesangverein-1862","status":"publish","type":"post","link":"http:\/\/875jahrekirchgoens.de\/?p=14116","title":{"rendered":"In Kirch-G\u00f6ns veranstaltete der Gesangverein 1862 \u2026"},"content":{"rendered":"\n<p>\u2026 quasi als Auftakt seines 150-j\u00e4hrigen Vereinsjubil\u00e4ums in diesem Jahr am vergangenen Samstag sein bei der Bev\u00f6lkerung beliebtes Schlachtfest.<\/p>\n\n\n\n<p>Bereits seit \u00fcber 25 Jahren l\u00e4dt der Verein zu dem Schmausen im B\u00fcrgerhaus ein. Wellfleisch mit Sauerkraut, Hackbraten oder Hackfleisch mit Brot lie\u00dfen sich mittags die Besucher schmecken.<\/p>\n\n\n\n<p>Das K\u00fcchen- und Thekenpersonal kam nicht zur Ruhe, denn bereits abends wurden Schlachtplatten mit Sauerkraut und Kartoffelbrei oder Hausmacher Wurstplatten aufgetischt. Auch die Kinder kamen nicht zu kurz; f\u00fcr sie gab es Bratw\u00fcrstchen.<\/p>\n\n\n\n<p>Licher Pils vom Fass und diverse Schn\u00e4pse wie Korn und K\u00fcmmel waren ebenfalls gefragt. Nat\u00fcrlich fehlten zum Kaffee auch die Waffeln nach altem Kirch-G\u00f6nser Rezept nicht.<\/p>\n\n\n\n<p>Quelle und Bilder. Butzbacher Zeitung vom 30. Januar 2012<\/p>\n\n\n\n<figure class=\"wp-block-gallery has-nested-images columns-default is-cropped wp-block-gallery-1 is-layout-flex wp-block-gallery-is-layout-flex\">\n<figure class=\"wp-block-image size-large\"><img loading=\"lazy\" decoding=\"async\" width=\"638\" height=\"449\" data-id=\"14120\" src=\"http:\/\/875jahrekirchgoens.de\/wp-content\/uploads\/2023\/12\/Schlacht-Bild3.jpg\" alt=\"\" class=\"wp-image-14120\" srcset=\"http:\/\/875jahrekirchgoens.de\/wp-content\/uploads\/2023\/12\/Schlacht-Bild3.jpg 638w, http:\/\/875jahrekirchgoens.de\/wp-content\/uploads\/2023\/12\/Schlacht-Bild3-300x211.jpg 300w\" sizes=\"auto, (max-width: 638px) 100vw, 638px\" \/><\/figure>\n\n\n\n<figure class=\"wp-block-image size-large\"><img loading=\"lazy\" decoding=\"async\" width=\"615\" height=\"442\" data-id=\"14118\" src=\"http:\/\/875jahrekirchgoens.de\/wp-content\/uploads\/2023\/12\/Schlacht-Bild1.jpg\" alt=\"\" class=\"wp-image-14118\" srcset=\"http:\/\/875jahrekirchgoens.de\/wp-content\/uploads\/2023\/12\/Schlacht-Bild1.jpg 615w, http:\/\/875jahrekirchgoens.de\/wp-content\/uploads\/2023\/12\/Schlacht-Bild1-300x216.jpg 300w\" sizes=\"auto, (max-width: 615px) 100vw, 615px\" \/><\/figure>\n\n\n\n<figure class=\"wp-block-image size-large\"><img loading=\"lazy\" decoding=\"async\" width=\"646\" height=\"435\" data-id=\"14119\" src=\"http:\/\/875jahrekirchgoens.de\/wp-content\/uploads\/2023\/12\/Schlacht-Bild2.jpg\" alt=\"\" class=\"wp-image-14119\" srcset=\"http:\/\/875jahrekirchgoens.de\/wp-content\/uploads\/2023\/12\/Schlacht-Bild2.jpg 646w, http:\/\/875jahrekirchgoens.de\/wp-content\/uploads\/2023\/12\/Schlacht-Bild2-300x202.jpg 300w\" sizes=\"auto, (max-width: 646px) 100vw, 646px\" \/><\/figure>\n\n\n\n<figure class=\"wp-block-image size-large\"><img loading=\"lazy\" decoding=\"async\" width=\"622\" height=\"447\" data-id=\"14117\" src=\"http:\/\/875jahrekirchgoens.de\/wp-content\/uploads\/2023\/12\/Schlacht-Bild4.jpg\" alt=\"\" class=\"wp-image-14117\" srcset=\"http:\/\/875jahrekirchgoens.de\/wp-content\/uploads\/2023\/12\/Schlacht-Bild4.jpg 622w, http:\/\/875jahrekirchgoens.de\/wp-content\/uploads\/2023\/12\/Schlacht-Bild4-300x216.jpg 300w\" sizes=\"auto, (max-width: 622px) 100vw, 622px\" \/><\/figure>\n<\/figure>\n","protected":false},"excerpt":{"rendered":"<p>\u2026 quasi als Auftakt seines 150-j\u00e4hrigen Vereinsjubil\u00e4ums in diesem Jahr am vergangenen Samstag sein bei der Bev\u00f6lkerung beliebtes Schlachtfest. Bereits seit \u00fcber 25 Jahren l\u00e4dt der Verein zu dem Schmausen im B\u00fcrgerhaus ein. Wellfleisch mit Sauerkraut, Hackbraten oder Hackfleisch mit Brot lie\u00dfen sich mittags die Besucher schmecken. Das K\u00fcchen- und Thekenpersonal kam nicht zur Ruhe, &#8230; <a title=\"In Kirch-G\u00f6ns veranstaltete der Gesangverein 1862 \u2026\" class=\"read-more\" href=\"http:\/\/875jahrekirchgoens.de\/?p=14116\" aria-label=\"Mehr Informationen \u00fcber In Kirch-G\u00f6ns veranstaltete der Gesangverein 1862 \u2026\">Weiterlesen<\/a><\/p>\n","protected":false},"author":1,"featured_media":0,"comment_status":"closed","ping_status":"open","sticky":false,"template":"","format":"standard","meta":{"footnotes":""},"categories":[1],"tags":[],"class_list":["post-14116","post","type-post","status-publish","format-standard","hentry","category-infos"],"_links":{"self":[{"href":"http:\/\/875jahrekirchgoens.de\/index.php?rest_route=\/wp\/v2\/posts\/14116","targetHints":{"allow":["GET"]}}],"collection":[{"href":"http:\/\/875jahrekirchgoens.de\/index.php?rest_route=\/wp\/v2\/posts"}],"about":[{"href":"http:\/\/875jahrekirchgoens.de\/index.php?rest_route=\/wp\/v2\/types\/post"}],"author":[{"embeddable":true,"href":"http:\/\/875jahrekirchgoens.de\/index.php?rest_route=\/wp\/v2\/users\/1"}],"replies":[{"embeddable":true,"href":"http:\/\/875jahrekirchgoens.de\/index.php?rest_route=%2Fwp%2Fv2%2Fcomments&post=14116"}],"version-history":[{"count":1,"href":"http:\/\/875jahrekirchgoens.de\/index.php?rest_route=\/wp\/v2\/posts\/14116\/revisions"}],"predecessor-version":[{"id":14121,"href":"http:\/\/875jahrekirchgoens.de\/index.php?rest_route=\/wp\/v2\/posts\/14116\/revisions\/14121"}],"wp:attachment":[{"href":"http:\/\/875jahrekirchgoens.de\/index.php?rest_route=%2Fwp%2Fv2%2Fmedia&parent=14116"}],"wp:term":[{"taxonomy":"category","embeddable":true,"href":"http:\/\/875jahrekirchgoens.de\/index.php?rest_route=%2Fwp%2Fv2%2Fcategories&post=14116"},{"taxonomy":"post_tag","embeddable":true,"href":"http:\/\/875jahrekirchgoens.de\/index.php?rest_route=%2Fwp%2Fv2%2Ftags&post=14116"}],"curies":[{"name":"wp","href":"https:\/\/api.w.org\/{rel}","templated":true}]}}