{"id":14127,"date":"2012-08-31T15:48:00","date_gmt":"2012-08-31T15:48:00","guid":{"rendered":"http:\/\/875jahrekirchgoens.de\/?p=14127"},"modified":"2023-12-27T15:51:35","modified_gmt":"2023-12-27T15:51:35","slug":"kirch-goenser-gospelchor-steht-mit-kathy-kelly-auf-der-buehne","status":"publish","type":"post","link":"http:\/\/875jahrekirchgoens.de\/?p=14127","title":{"rendered":"Kirch-G\u00f6nser Gospelchor steht mit Kathy Kelly auf der B\u00fchne"},"content":{"rendered":"\n<p><em>Konzert in Gie\u00dfener Petruskirche mit \u201eShout For Joy\u201c Niederkleen<\/em><\/p>\n\n\n\n<p>Ein ganz besonderes musikalisches Ereignis erwartet alle Freunde mitrei\u00dfender Gospel- und Soulkl\u00e4nge am 2. Oktober ab 19.30 Uhr in der Gie\u00dfener Petruskirche: Im Rahmen ihrer Europatournee steht die langj\u00e4hrige Produzentin und Frontfrau der Erfolgsband ,,The Kelly Family&#8220;, Kathy Kelly, gemeinsam mit heimischen Ch\u00f6ren auf der B\u00fchne.<\/p>\n\n\n\n<p>Mit dabei ist auch der Kirch-G\u00f6nser Gospelchor ,,Let It Shine&#8220; sowie die Ch\u00f6re ,,Shout For Joy&#8220; (Niederkleen) und ,,Sounds Magic&#8220; (Gie\u00dfen), die unter der Leitung von Ulla Knoop bereits seit Monaten mehrmals in der Woche f\u00fcr das Konzert proben. Auch die eigene Formation der Chorleiterin Ulla Knoop \u201eMagic Soul Sisters\u201c ist am 2. Oktober zu sehen und zu h\u00f6ren.<\/p>\n\n\n\n<p>Das Publikum darf sich auf ein au\u00dfergew\u00f6hnliches Konzert mit mehr als 100 S\u00e4ngerinnen und S\u00e4nger freuen. Von gef\u00fchlvollen Balladen und immer wieder gern geh\u00f6rten Evergreens \u00fcber bekannte und neu arrangierte Gospels, Spirituals und Traditionales aus Irland, Deutschland und Spanien bis hin zum fetzigen St\u00fccken z. B. aus dem Disneyfilm \u201eDer Gl\u00f6ckner von Notre Dame\u201c pr\u00e4sentiert Kelly sowohl solo als auch gemeinsam mit den Ch\u00f6ren und den ,,Magic Soul Sisters&#8220; ihr neues Live-Programm.<\/p>\n\n\n\n<p>Der Vorverkauf f\u00fcr das Konzert hat bereits begonnen, Tickets gibt es bei der Buchhandlung Bindernagel in Butzbach, der B\u00e4ckerei Steinm\u00fcller in Kirch-G\u00f6ns und der Metzgerei Binzer in Kirch-G\u00f6ns.<\/p>\n\n\n\n<p>Wer den Gospelchor ,,Let It Shine&#8220; schon vor dem 2. Oktober live erleben mochte, hat am 16. September im Rahmen der Veranstaltung ,,Kirche am Markt&#8220; auf dem Butzbacher Marktplatz von 13.45 Uhr bis 14.30 Uhr Gelegenheit dazu.<\/p>\n\n\n\n<p>Quelle und Bild: Butzbacher Zeitung vom 31. August 2012<\/p>\n\n\n\n<figure class=\"wp-block-image size-full\"><img loading=\"lazy\" decoding=\"async\" width=\"587\" height=\"380\" src=\"http:\/\/875jahrekirchgoens.de\/wp-content\/uploads\/2023\/12\/Kathy-Kelly-Bild1.jpg\" alt=\"\" class=\"wp-image-14128\" srcset=\"http:\/\/875jahrekirchgoens.de\/wp-content\/uploads\/2023\/12\/Kathy-Kelly-Bild1.jpg 587w, http:\/\/875jahrekirchgoens.de\/wp-content\/uploads\/2023\/12\/Kathy-Kelly-Bild1-300x194.jpg 300w\" sizes=\"auto, (max-width: 587px) 100vw, 587px\" \/><figcaption class=\"wp-element-caption\">Der Gospelchor \u201eLet it Shine\u201c des Gesangverein 1862 Kirch-G\u00f6ns steht in Gie\u00dfen mit Kathy Kelly auf der B\u00fchne. <\/figcaption><\/figure>\n","protected":false},"excerpt":{"rendered":"<p>Konzert in Gie\u00dfener Petruskirche mit \u201eShout For Joy\u201c Niederkleen Ein ganz besonderes musikalisches Ereignis erwartet alle Freunde mitrei\u00dfender Gospel- und Soulkl\u00e4nge am 2. Oktober ab 19.30 Uhr in der Gie\u00dfener Petruskirche: Im Rahmen ihrer Europatournee steht die langj\u00e4hrige Produzentin und Frontfrau der Erfolgsband ,,The Kelly Family&#8220;, Kathy Kelly, gemeinsam mit heimischen Ch\u00f6ren auf der B\u00fchne. &#8230; <a title=\"Kirch-G\u00f6nser Gospelchor steht mit Kathy Kelly auf der B\u00fchne\" class=\"read-more\" href=\"http:\/\/875jahrekirchgoens.de\/?p=14127\" aria-label=\"Mehr Informationen \u00fcber Kirch-G\u00f6nser Gospelchor steht mit Kathy Kelly auf der B\u00fchne\">Weiterlesen<\/a><\/p>\n","protected":false},"author":1,"featured_media":0,"comment_status":"closed","ping_status":"open","sticky":false,"template":"","format":"standard","meta":{"footnotes":""},"categories":[1],"tags":[],"class_list":["post-14127","post","type-post","status-publish","format-standard","hentry","category-infos"],"_links":{"self":[{"href":"http:\/\/875jahrekirchgoens.de\/index.php?rest_route=\/wp\/v2\/posts\/14127","targetHints":{"allow":["GET"]}}],"collection":[{"href":"http:\/\/875jahrekirchgoens.de\/index.php?rest_route=\/wp\/v2\/posts"}],"about":[{"href":"http:\/\/875jahrekirchgoens.de\/index.php?rest_route=\/wp\/v2\/types\/post"}],"author":[{"embeddable":true,"href":"http:\/\/875jahrekirchgoens.de\/index.php?rest_route=\/wp\/v2\/users\/1"}],"replies":[{"embeddable":true,"href":"http:\/\/875jahrekirchgoens.de\/index.php?rest_route=%2Fwp%2Fv2%2Fcomments&post=14127"}],"version-history":[{"count":1,"href":"http:\/\/875jahrekirchgoens.de\/index.php?rest_route=\/wp\/v2\/posts\/14127\/revisions"}],"predecessor-version":[{"id":14129,"href":"http:\/\/875jahrekirchgoens.de\/index.php?rest_route=\/wp\/v2\/posts\/14127\/revisions\/14129"}],"wp:attachment":[{"href":"http:\/\/875jahrekirchgoens.de\/index.php?rest_route=%2Fwp%2Fv2%2Fmedia&parent=14127"}],"wp:term":[{"taxonomy":"category","embeddable":true,"href":"http:\/\/875jahrekirchgoens.de\/index.php?rest_route=%2Fwp%2Fv2%2Fcategories&post=14127"},{"taxonomy":"post_tag","embeddable":true,"href":"http:\/\/875jahrekirchgoens.de\/index.php?rest_route=%2Fwp%2Fv2%2Ftags&post=14127"}],"curies":[{"name":"wp","href":"https:\/\/api.w.org\/{rel}","templated":true}]}}