{"id":14137,"date":"2019-06-06T16:08:00","date_gmt":"2019-06-06T16:08:00","guid":{"rendered":"http:\/\/875jahrekirchgoens.de\/?p=14137"},"modified":"2023-12-27T16:08:53","modified_gmt":"2023-12-27T16:08:53","slug":"vor-25-jahren-an-historischer-staette","status":"publish","type":"post","link":"http:\/\/875jahrekirchgoens.de\/?p=14137","title":{"rendered":"Vor 25 Jahren an historischer St\u00e4tte"},"content":{"rendered":"\n<p><strong>D-DAY \u2013 Kirch-G\u00f6nser Peter Braasch erinnert an Feiern zum 50. Jahrestag der Landung der Alliierten<\/strong><\/p>\n\n\n\n<p>Derzeit finden Gedenkfeiern aus Anlass des 75. Jahrestages der Landung allierter Soldaten in Nordfrankreich, in der Normandie, statt. Erinnert wird an die 156 000 Soldaten, die am 6. Juni 1944, dem sogenannten D-Day, dort landeten und zum Sturm auf das Hitlerreich antraten.<\/p>\n\n\n\n<p>Auch in 1994, zur 50. Wiederkehr des D-Days, fanden in der Normandie Gedenkfeierlichkeiten statt, die von einer Gruppe heimischer B\u00fcrger auf Einladung eines ehemaligen Kommandeurs der Kirch-G\u00f6nser Ayers-Kaserne besucht wurden. Darunter waren auch der Kirch-G\u00f6nser Peter Braasch und der inzwischen verstorbene Rudolf Karl aus M\u00fcnzenberg. Karl war am D-Day als Feldwebel der deutschen Wehrmacht Kommandant eines der Bunker auf der Steilk\u00fcste am Point du Hoc im Invasionsbereich Omaha Beach, wo die amerikanischen Truppen landeten. Die angreifenden Soldaten, darunter auch speziell zur Erst\u00fcrmung der Steilklippe des Point du Hoc ausgebildete Ranger-Einheiten mussten einen hohen Blutzoll entrichten. Karl erz\u00e4hlte damals Braasch voller Wehmut von den \u00fcber 200 Rangern, die allein vor seinem Bunker im Feuerhagel der Maschinengewehre gefallen sind.<strong><\/strong><\/p>\n\n\n\n<p>Die Hauptgedenkfeier fand 1994 auf dem Point du Hoc in Anwesenheit von US-Pr\u00e4sident Bill Clinton statt. Nach den Feierlichkeiten gingen Braasch und Karl zum dortigen Denkmal, vor dem sich eine Nachfolgekompanie des Ranger-Batallions von 1944 aufgestellt hatte.<\/p>\n\n\n\n<p>Direkt am Denkmal standen der damalige kommandierende Vier-Sterne General Downing, auf dem Foto links neben Rudolf Karl und rechts der pensionierte Drei-Sterne-General Scott. Dieser erz\u00e4hlte Karl und Braasch, dass er als junger Leutnant bei der Erst\u00fcrmung des Point du Hoc mit dabei gewesen sei.<strong> <\/strong>Braasch stellte Karl den beiden Gener\u00e4len vor und berichtete \u00fcber dessen Einsatz am D-Day. Da gab es ein herzliches H\u00e4ndesch\u00fctteln und Schulterklopfen, wie Braasch berichtet.<\/p>\n\n\n\n<p>Bei den sonst so hartgesottenen Rangersoldaten sei kein Auge trocken geblieben. Die gleiche Erfahrung h\u00e4tten sie beide auch bei anderen anwesenden Veteranen der Invasion 1944 aus verschiedenen L\u00e4ndern gemacht.<strong><\/strong><\/p>\n\n\n\n<p>Quelle: Butzbacher Zeitung vom 6. Juni 2019<\/p>\n","protected":false},"excerpt":{"rendered":"<p>D-DAY \u2013 Kirch-G\u00f6nser Peter Braasch erinnert an Feiern zum 50. Jahrestag der Landung der Alliierten Derzeit finden Gedenkfeiern aus Anlass des 75. Jahrestages der Landung allierter Soldaten in Nordfrankreich, in der Normandie, statt. Erinnert wird an die 156 000 Soldaten, die am 6. Juni 1944, dem sogenannten D-Day, dort landeten und zum Sturm auf das &#8230; <a title=\"Vor 25 Jahren an historischer St\u00e4tte\" class=\"read-more\" href=\"http:\/\/875jahrekirchgoens.de\/?p=14137\" aria-label=\"Mehr Informationen \u00fcber Vor 25 Jahren an historischer St\u00e4tte\">Weiterlesen<\/a><\/p>\n","protected":false},"author":1,"featured_media":0,"comment_status":"closed","ping_status":"open","sticky":false,"template":"","format":"standard","meta":{"footnotes":""},"categories":[1],"tags":[],"class_list":["post-14137","post","type-post","status-publish","format-standard","hentry","category-infos"],"_links":{"self":[{"href":"http:\/\/875jahrekirchgoens.de\/index.php?rest_route=\/wp\/v2\/posts\/14137","targetHints":{"allow":["GET"]}}],"collection":[{"href":"http:\/\/875jahrekirchgoens.de\/index.php?rest_route=\/wp\/v2\/posts"}],"about":[{"href":"http:\/\/875jahrekirchgoens.de\/index.php?rest_route=\/wp\/v2\/types\/post"}],"author":[{"embeddable":true,"href":"http:\/\/875jahrekirchgoens.de\/index.php?rest_route=\/wp\/v2\/users\/1"}],"replies":[{"embeddable":true,"href":"http:\/\/875jahrekirchgoens.de\/index.php?rest_route=%2Fwp%2Fv2%2Fcomments&post=14137"}],"version-history":[{"count":1,"href":"http:\/\/875jahrekirchgoens.de\/index.php?rest_route=\/wp\/v2\/posts\/14137\/revisions"}],"predecessor-version":[{"id":14138,"href":"http:\/\/875jahrekirchgoens.de\/index.php?rest_route=\/wp\/v2\/posts\/14137\/revisions\/14138"}],"wp:attachment":[{"href":"http:\/\/875jahrekirchgoens.de\/index.php?rest_route=%2Fwp%2Fv2%2Fmedia&parent=14137"}],"wp:term":[{"taxonomy":"category","embeddable":true,"href":"http:\/\/875jahrekirchgoens.de\/index.php?rest_route=%2Fwp%2Fv2%2Fcategories&post=14137"},{"taxonomy":"post_tag","embeddable":true,"href":"http:\/\/875jahrekirchgoens.de\/index.php?rest_route=%2Fwp%2Fv2%2Ftags&post=14137"}],"curies":[{"name":"wp","href":"https:\/\/api.w.org\/{rel}","templated":true}]}}