{"id":14142,"date":"2020-05-19T16:12:00","date_gmt":"2020-05-19T16:12:00","guid":{"rendered":"http:\/\/875jahrekirchgoens.de\/?p=14142"},"modified":"2023-12-27T16:13:30","modified_gmt":"2023-12-27T16:13:30","slug":"in-der-goenser-grundschule-ggs-hatten-am-16-maerz","status":"publish","type":"post","link":"http:\/\/875jahrekirchgoens.de\/?p=14142","title":{"rendered":"In der G\u00f6nser Grundschule (GGS) hatten am 16. M\u00e4rz \u2026"},"content":{"rendered":"\n<p>Quelle und Bild: Butzbacher Zeitung vom 19. Mai 2020<\/p>\n\n\n\n<figure class=\"wp-block-image size-large\"><img loading=\"lazy\" decoding=\"async\" width=\"1024\" height=\"768\" src=\"http:\/\/875jahrekirchgoens.de\/wp-content\/uploads\/2023\/12\/GGS-Bild1-1024x768.jpg\" alt=\"\" class=\"wp-image-14141\" srcset=\"http:\/\/875jahrekirchgoens.de\/wp-content\/uploads\/2023\/12\/GGS-Bild1-1024x768.jpg 1024w, http:\/\/875jahrekirchgoens.de\/wp-content\/uploads\/2023\/12\/GGS-Bild1-300x225.jpg 300w, http:\/\/875jahrekirchgoens.de\/wp-content\/uploads\/2023\/12\/GGS-Bild1-768x576.jpg 768w, http:\/\/875jahrekirchgoens.de\/wp-content\/uploads\/2023\/12\/GGS-Bild1.jpg 1134w\" sizes=\"auto, (max-width: 1024px) 100vw, 1024px\" \/><figcaption class=\"wp-element-caption\">\u2026 die beiden vierten Klassen letztmals Unterricht. Gestern, zum ersten Unterrichtstag nach der Corona-Zwangspause, hatten sich die Notbetreuungskinder eine \u00dcberraschung ausgedacht und f\u00fcr die Viertkl\u00e4ssler kleine Schult\u00fcten gebastelt, die mit Gummib\u00e4rchen und einem Bleistift gef\u00fcllt waren, und am Eingang an einer Schnur aufgeh\u00e4ngt waren.\n\n\n<\/figcaption><\/figure>\n","protected":false},"excerpt":{"rendered":"<p>Quelle und Bild: Butzbacher Zeitung vom 19. Mai 2020<\/p>\n","protected":false},"author":1,"featured_media":0,"comment_status":"closed","ping_status":"open","sticky":false,"template":"","format":"standard","meta":{"footnotes":""},"categories":[1],"tags":[],"class_list":["post-14142","post","type-post","status-publish","format-standard","hentry","category-infos"],"_links":{"self":[{"href":"http:\/\/875jahrekirchgoens.de\/index.php?rest_route=\/wp\/v2\/posts\/14142","targetHints":{"allow":["GET"]}}],"collection":[{"href":"http:\/\/875jahrekirchgoens.de\/index.php?rest_route=\/wp\/v2\/posts"}],"about":[{"href":"http:\/\/875jahrekirchgoens.de\/index.php?rest_route=\/wp\/v2\/types\/post"}],"author":[{"embeddable":true,"href":"http:\/\/875jahrekirchgoens.de\/index.php?rest_route=\/wp\/v2\/users\/1"}],"replies":[{"embeddable":true,"href":"http:\/\/875jahrekirchgoens.de\/index.php?rest_route=%2Fwp%2Fv2%2Fcomments&post=14142"}],"version-history":[{"count":1,"href":"http:\/\/875jahrekirchgoens.de\/index.php?rest_route=\/wp\/v2\/posts\/14142\/revisions"}],"predecessor-version":[{"id":14143,"href":"http:\/\/875jahrekirchgoens.de\/index.php?rest_route=\/wp\/v2\/posts\/14142\/revisions\/14143"}],"wp:attachment":[{"href":"http:\/\/875jahrekirchgoens.de\/index.php?rest_route=%2Fwp%2Fv2%2Fmedia&parent=14142"}],"wp:term":[{"taxonomy":"category","embeddable":true,"href":"http:\/\/875jahrekirchgoens.de\/index.php?rest_route=%2Fwp%2Fv2%2Fcategories&post=14142"},{"taxonomy":"post_tag","embeddable":true,"href":"http:\/\/875jahrekirchgoens.de\/index.php?rest_route=%2Fwp%2Fv2%2Ftags&post=14142"}],"curies":[{"name":"wp","href":"https:\/\/api.w.org\/{rel}","templated":true}]}}