{"id":14146,"date":"2020-06-08T16:16:00","date_gmt":"2020-06-08T16:16:00","guid":{"rendered":"http:\/\/875jahrekirchgoens.de\/?p=14146"},"modified":"2023-12-27T16:17:54","modified_gmt":"2023-12-27T16:17:54","slug":"hygienevorschriften-und-abstandhalten-werden-sehr-gut-eingehalten","status":"publish","type":"post","link":"http:\/\/875jahrekirchgoens.de\/?p=14146","title":{"rendered":"Hygienevorschriften und Abstandhalten werden sehr gut eingehalten"},"content":{"rendered":"\n<p>Zur Zeit l\u00e4uft alles etwas anders, auch die Schule. Seit letzter Woche sind wieder alle Sch\u00fcler in der Schule. Auch in der G\u00f6nser-Grund-Schule kann man jetzt wieder jeden Tag die Stimmen der Grundsch\u00fcler auf den Fluren h\u00f6ren. Alle haben sich gefreut, dass es endlich wieder etwas Normalit\u00e4t gibt. <\/p>\n\n\n\n<p>Die Sch\u00fcler waren froh wieder ihre Aufgaben in der Schule zu bearbeiten und mit den Klassenkameraden sprechen zu k\u00f6nnen, die Lehrer waren gl\u00fccklich, ihre Sch\u00fcler wieder zu sehen und das Gef\u00fchl zu haben, den Sch\u00fclern noch etwas Schulstoff vor den Sommerferien vermitteln zu k\u00f6nnen und nat\u00fcrlich waren auch die Eltern froh, dass es fast wieder normal l\u00e4uft. Bis jetzt nur fast. <\/p>\n\n\n\n<p>Zur Zeit sieht es so aus, dass immer f\u00fcr zwei Tage hintereinander die H\u00e4lfte der Schulklasse zum Unterricht in die Schule kommt. Die andere H\u00e4lfte arbeitet an diesen Tagen zu Hause an Arbeitspl\u00e4nen. Die Sch\u00fcler in der Schule sind in ihren alten Klassenr\u00e4umen, die jetzt etwas anders aussehen wie sonst. Die Tische stehen 1,50 m auseinander. An jedem Tisch sitzt nur ein Sch\u00fcler. Alle Materialien sind ebenfalls auf dem Schultisch, so dass das Herumlaufen in der Klasse auf ein Minimum beschr\u00e4nkbar ist. <\/p>\n\n\n\n<p>Jeder Tisch wirkt wie ein kleines Minib\u00fcro. Erz\u00e4hlkreise, Partner- oder Gruppenarbeit gibt es zur Zeit nicht. Auch kein Fr\u00fchst\u00fcck im Sitzkreis. Alles findet am eigenen Platz statt. Das bedeutet f\u00fcr die Kinder zwar eine gro\u00dfe Einschr\u00e4nkung, aber die Sch\u00fcler sind sich alle einig, dass es besser ist als zu Hause. <\/p>\n\n\n\n<p>Die G\u00f6nser-Grund-Schule (GGS) hat unterschiedliche Pausenzeiten eingerichtet, so dass alle Klassenstufen zu unterschiedlichen Zeiten auf dem Schulhof sind und sich nicht begegnen. Die Sch\u00fcler halten sich sehr gut an die Abstandsregeln und auch das regelm\u00e4\u00dfige H\u00e4ndewaschen ist schon fast Routine. Trotzdem hoffen alle, dass es sp\u00e4testens nach den Sommerferien wieder normal weitergeht und man alle Klassenkameraden gleichzeitig sehen kann.<\/p>\n\n\n\n<p>Quelle und Bild: Butzbacher Zeitung vom 8. Juni 2020<\/p>\n\n\n\n<figure class=\"wp-block-image size-full\"><img loading=\"lazy\" decoding=\"async\" width=\"665\" height=\"499\" src=\"http:\/\/875jahrekirchgoens.de\/wp-content\/uploads\/2023\/12\/GGS-2-Bild1.jpg\" alt=\"\" class=\"wp-image-14145\" srcset=\"http:\/\/875jahrekirchgoens.de\/wp-content\/uploads\/2023\/12\/GGS-2-Bild1.jpg 665w, http:\/\/875jahrekirchgoens.de\/wp-content\/uploads\/2023\/12\/GGS-2-Bild1-300x225.jpg 300w\" sizes=\"auto, (max-width: 665px) 100vw, 665px\" \/><figcaption class=\"wp-element-caption\">Die Jungen und M\u00e4dchen der G\u00f6nser Grundschule freuen sich, dass sie wieder zum Unterricht in die Schule d\u00fcrfen, wenn es auch Corona-bedingt etliche Einschr\u00e4nkungen gibt.<\/figcaption><\/figure>\n","protected":false},"excerpt":{"rendered":"<p>Zur Zeit l\u00e4uft alles etwas anders, auch die Schule. Seit letzter Woche sind wieder alle Sch\u00fcler in der Schule. Auch in der G\u00f6nser-Grund-Schule kann man jetzt wieder jeden Tag die Stimmen der Grundsch\u00fcler auf den Fluren h\u00f6ren. Alle haben sich gefreut, dass es endlich wieder etwas Normalit\u00e4t gibt. Die Sch\u00fcler waren froh wieder ihre Aufgaben &#8230; <a title=\"Hygienevorschriften und Abstandhalten werden sehr gut eingehalten\" class=\"read-more\" href=\"http:\/\/875jahrekirchgoens.de\/?p=14146\" aria-label=\"Mehr Informationen \u00fcber Hygienevorschriften und Abstandhalten werden sehr gut eingehalten\">Weiterlesen<\/a><\/p>\n","protected":false},"author":1,"featured_media":0,"comment_status":"closed","ping_status":"open","sticky":false,"template":"","format":"standard","meta":{"footnotes":""},"categories":[1],"tags":[],"class_list":["post-14146","post","type-post","status-publish","format-standard","hentry","category-infos"],"_links":{"self":[{"href":"http:\/\/875jahrekirchgoens.de\/index.php?rest_route=\/wp\/v2\/posts\/14146","targetHints":{"allow":["GET"]}}],"collection":[{"href":"http:\/\/875jahrekirchgoens.de\/index.php?rest_route=\/wp\/v2\/posts"}],"about":[{"href":"http:\/\/875jahrekirchgoens.de\/index.php?rest_route=\/wp\/v2\/types\/post"}],"author":[{"embeddable":true,"href":"http:\/\/875jahrekirchgoens.de\/index.php?rest_route=\/wp\/v2\/users\/1"}],"replies":[{"embeddable":true,"href":"http:\/\/875jahrekirchgoens.de\/index.php?rest_route=%2Fwp%2Fv2%2Fcomments&post=14146"}],"version-history":[{"count":1,"href":"http:\/\/875jahrekirchgoens.de\/index.php?rest_route=\/wp\/v2\/posts\/14146\/revisions"}],"predecessor-version":[{"id":14147,"href":"http:\/\/875jahrekirchgoens.de\/index.php?rest_route=\/wp\/v2\/posts\/14146\/revisions\/14147"}],"wp:attachment":[{"href":"http:\/\/875jahrekirchgoens.de\/index.php?rest_route=%2Fwp%2Fv2%2Fmedia&parent=14146"}],"wp:term":[{"taxonomy":"category","embeddable":true,"href":"http:\/\/875jahrekirchgoens.de\/index.php?rest_route=%2Fwp%2Fv2%2Fcategories&post=14146"},{"taxonomy":"post_tag","embeddable":true,"href":"http:\/\/875jahrekirchgoens.de\/index.php?rest_route=%2Fwp%2Fv2%2Ftags&post=14146"}],"curies":[{"name":"wp","href":"https:\/\/api.w.org\/{rel}","templated":true}]}}